{"id":22738,"date":"2023-07-24T14:04:42","date_gmt":"2023-07-24T20:04:42","guid":{"rendered":"https:\/\/enconecte.com\/?p=22738"},"modified":"2023-07-24T14:04:42","modified_gmt":"2023-07-24T20:04:42","slug":"vicealcalde-de-origen-jerezano-en-aurora-illinois-reconoce-el-trabajo-de-la-autoridad-municipal","status":"publish","type":"post","link":"https:\/\/raicesjerezanas.com\/?p=22738","title":{"rendered":"VICEALCALDE DE ORIGEN JEREZANO EN AURORA, ILLINOIS, RECONOCE EL TRABAJO DE LA AUTORIDAD MUNICIPAL"},"content":{"rendered":"<ul>\n<li>Plantea un hermanamiento que permita promover y exportar los productos que se elaboran en Jerez y que los paisanos radicados all\u00e1 extra\u00f1an<\/li>\n<\/ul>\n<p>El vicealcalde de Aurora, Illinois, Guillermo Trujillo, otorg\u00f3 un reconocimiento al alcalde Jos\u00e9 Humberto Salazar Contreras, al Ayuntamiento 2021-2024 y al municipio de Jerez, como muestra de la relaci\u00f3n establecida entre las autoridades de ambos lugares, que busca consolidarse con un hermanamiento formal entre las ciudades.<\/p>\n<p>En una sesi\u00f3n de cabildo extraordinaria, el pol\u00edtico de origen jerezano, expres\u00f3 su agradecimiento por la invitaci\u00f3n para estar en Jerez, con motivo de la Semana del Migrante y se dirigi\u00f3 al Cabildo, para manifestar el agradecimiento por lo que se hace en favor de la comunidad; ah\u00ed se\u00f1al\u00f3 que la posibilidad de un hermanamiento, facilitar\u00eda abrir caminos a los productos jerezanos y de toda la regi\u00f3n, que las personas que est\u00e1n en aquel lugar a\u00f1oran.<\/p>\n<p>El reconocimiento otorgado, cuenta con el respaldo de Richard C. Irving, alcalde de Aurora, la segunda ciudad en importancia de ese estado, con una poblaci\u00f3n del 46 por ciento de hispanos de diversos pa\u00edses y la cual, por primera vez, tiene un vicealcalde tambi\u00e9n con este origen, por lo que Guillermo Trujillo, hizo la invitaci\u00f3n al cuerpo colegiado, para que en el mes de septiembre puedan visitar esa ciudad y participar de la ceremonia del Grito.<\/p>\n<p>Durante la sesi\u00f3n, la regidora Elizabeth Murillo Guerrero dio la bienvenida al distinguido visitante y afirm\u00f3 que en la actual administraci\u00f3n se ha tratado de reconocer el trabajo que hacen los migrantes en Estados Unidos y en este sentido, el vicealcalde, es un ejemplo de que los jerezanos somos capaces de llegar al \u00e9xito estando en M\u00e9xico, pero tambi\u00e9n fuera de nuestra tierra, por lo que reiter\u00f3 el reconocimiento a t\u00edtulo personal y del Ayuntamiento a todos los migrantes, por el trabajo que d\u00eda con d\u00eda realizan y su preocupaci\u00f3n de no olvidar el pueblo de Jerez.<\/p>\n<p><a href=\"https:\/\/enconecte.com\/wp-content\/uploads\/2023\/08\/Imagen-de-WhatsApp-2023-07-24-a-las-12.30.48.jpg\"><img loading=\"lazy\" decoding=\"async\" class=\"alignnone size-full wp-image-22739\" src=\"https:\/\/enconecte.com\/wp-content\/uploads\/2023\/08\/Imagen-de-WhatsApp-2023-07-24-a-las-12.30.48.jpg\" alt=\"\" width=\"1600\" height=\"1066\" srcset=\"https:\/\/raicesjerezanas.com\/wp-content\/uploads\/2023\/08\/Imagen-de-WhatsApp-2023-07-24-a-las-12.30.48.jpg 1600w, https:\/\/raicesjerezanas.com\/wp-content\/uploads\/2023\/08\/Imagen-de-WhatsApp-2023-07-24-a-las-12.30.48-300x200.jpg 300w, https:\/\/raicesjerezanas.com\/wp-content\/uploads\/2023\/08\/Imagen-de-WhatsApp-2023-07-24-a-las-12.30.48-1024x682.jpg 1024w, https:\/\/raicesjerezanas.com\/wp-content\/uploads\/2023\/08\/Imagen-de-WhatsApp-2023-07-24-a-las-12.30.48-768x512.jpg 768w, https:\/\/raicesjerezanas.com\/wp-content\/uploads\/2023\/08\/Imagen-de-WhatsApp-2023-07-24-a-las-12.30.48-1536x1023.jpg 1536w\" sizes=\"auto, (max-width: 1600px) 100vw, 1600px\" \/><\/a><\/p>\n<p>Por su parte la s\u00edndico Adriana M\u00e1rquez S\u00e1nchez expres\u00f3 que los migrantes ponen el ejemplo, porque dan una imagen de honestidad, de trabajo y de integridad, algo que dijo, no se adquiere ni se compra, sino que es un estilo de vida que se trae consigo; asimismo felicit\u00f3 al vicealcalde y se congratul\u00f3 de su constante expresi\u00f3n en el sentido de que no olvida a su\u00a0tierra\u00a0natal.<\/p>\n","protected":false},"excerpt":{"rendered":"<div class=\"mh-excerpt\"><p>Plantea un hermanamiento que permita promover y exportar los productos que se elaboran en Jerez y que los paisanos radicados all\u00e1 extra\u00f1an El vicealcalde de <a class=\"mh-excerpt-more\" href=\"https:\/\/raicesjerezanas.com\/?p=22738\" title=\"VICEALCALDE DE ORIGEN JEREZANO EN AURORA, ILLINOIS, RECONOCE EL TRABAJO DE LA AUTORIDAD MUNICIPAL\">&#8230;<\/a><\/p>\n<\/div>","protected":false},"author":1,"featured_media":22740,"comment_status":"closed","ping_status":"closed","sticky":false,"template":"","format":"standard","meta":{"footnotes":""},"categories":[102],"tags":[],"class_list":["post-22738","post","type-post","status-publish","format-standard","has-post-thumbnail","hentry","category-noticias-de-jerez"],"_links":{"self":[{"href":"https:\/\/raicesjerezanas.com\/index.php?rest_route=\/wp\/v2\/posts\/22738","targetHints":{"allow":["GET"]}}],"collection":[{"href":"https:\/\/raicesjerezanas.com\/index.php?rest_route=\/wp\/v2\/posts"}],"about":[{"href":"https:\/\/raicesjerezanas.com\/index.php?rest_route=\/wp\/v2\/types\/post"}],"author":[{"embeddable":true,"href":"https:\/\/raicesjerezanas.com\/index.php?rest_route=\/wp\/v2\/users\/1"}],"replies":[{"embeddable":true,"href":"https:\/\/raicesjerezanas.com\/index.php?rest_route=%2Fwp%2Fv2%2Fcomments&post=22738"}],"version-history":[{"count":0,"href":"https:\/\/raicesjerezanas.com\/index.php?rest_route=\/wp\/v2\/posts\/22738\/revisions"}],"wp:featuredmedia":[{"embeddable":true,"href":"https:\/\/raicesjerezanas.com\/index.php?rest_route=\/wp\/v2\/media\/22740"}],"wp:attachment":[{"href":"https:\/\/raicesjerezanas.com\/index.php?rest_route=%2Fwp%2Fv2%2Fmedia&parent=22738"}],"wp:term":[{"taxonomy":"category","embeddable":true,"href":"https:\/\/raicesjerezanas.com\/index.php?rest_route=%2Fwp%2Fv2%2Fcategories&post=22738"},{"taxonomy":"post_tag","embeddable":true,"href":"https:\/\/raicesjerezanas.com\/index.php?rest_route=%2Fwp%2Fv2%2Ftags&post=22738"}],"curies":[{"name":"wp","href":"https:\/\/api.w.org\/{rel}","templated":true}]}}