{"id":22741,"date":"2023-07-24T14:05:38","date_gmt":"2023-07-24T20:05:38","guid":{"rendered":"https:\/\/enconecte.com\/?p=22741"},"modified":"2023-07-24T14:05:38","modified_gmt":"2023-07-24T20:05:38","slug":"develan-placas-en-honor-a-migrantes-en-la-alameda-de-jerez","status":"publish","type":"post","link":"https:\/\/raicesjerezanas.com\/?p=22741","title":{"rendered":"DEVELAN PLACAS EN HONOR A MIGRANTES EN LA ALAMEDA DE JEREZ"},"content":{"rendered":"<ul>\n<li>Fueron 40 placas dedicadas a migrantes jerezanos.<\/li>\n<\/ul>\n<p>Jerez, Zac.- En este tercer d\u00eda de eventos de la Segunda Semana del Migrante en Jerez, frente al monumento al migrante ubicado en el paseo con el mismo nombre en la alameda Francisco Garc\u00eda Salinas, este a\u00f1o fueron develadas 40 placas en honor a migrantes jerezanos como muestra de gratitud hacia esos hombres y mujeres que siguen llevando el nombre de Jerez en alto. Este evento fue organizado por el gobierno municipal de Jerez para el periodo 2021-2024.<\/p>\n<p>Al comenzar, el Lic. Francisco Serrano, director de Turismo Municipal, explic\u00f3 que la idea detr\u00e1s de este paseo es plasmar el reconocimiento a todos los migrantes destacados. Acto seguido, se procedi\u00f3 a la develaci\u00f3n de las placas en honor a los 40 jerezanos que siempre llevan a Jerez en su coraz\u00f3n y hoy lo enorgullecen. Para continuar con este homenaje, se present\u00f3 el documental del talentoso productor Diego Saji, titulado \u00abYo soy brasero\u00bb, en el cual se refleja la historia de muchos mexicanos que, alrededor de los a\u00f1os 1940-1960, buscaban mejorar su calidad de vida y lograron hacerlo mediante sacrificio y oportunidades.<\/p>\n<p>Durante el evento, estuvieron presentes Guillermo Trujillo, vicepresidente de Aurora, Illinois, E.U.A., la Sra. Bertha Alicia Garc\u00eda, presidenta del SMDIF, los regidores: Lic. Ana Yajaira F\u00e9lix, C. Luis Mario Mart\u00ednez y Lic. Elizabeth Murillo, el Lic. H\u00e9ctor Hugo Ram\u00edrez, secretario de Gobierno, el Mtro. Marco Antonio Valenzuela, director del SIMAPAJ, Rogelio Murillo, titular de atenci\u00f3n al Migrante, as\u00ed como reinas de belleza como Miss Petite Universal M\u00e9xico 2023 y Miss Petite Riviera Maya Zacatecas 2023, funcionarios municipales, familiares y amigos de migrantes.<\/p>\n<p><a href=\"https:\/\/enconecte.com\/wp-content\/uploads\/2023\/08\/Imagen-de-WhatsApp-20c23-07-24-a-las-17.08.26.jpg\"><img loading=\"lazy\" decoding=\"async\" class=\"alignnone size-full wp-image-22743\" src=\"https:\/\/enconecte.com\/wp-content\/uploads\/2023\/08\/Imagen-de-WhatsApp-20c23-07-24-a-las-17.08.26.jpg\" alt=\"\" width=\"1599\" height=\"1066\" srcset=\"https:\/\/raicesjerezanas.com\/wp-content\/uploads\/2023\/08\/Imagen-de-WhatsApp-20c23-07-24-a-las-17.08.26.jpg 1599w, https:\/\/raicesjerezanas.com\/wp-content\/uploads\/2023\/08\/Imagen-de-WhatsApp-20c23-07-24-a-las-17.08.26-300x200.jpg 300w, https:\/\/raicesjerezanas.com\/wp-content\/uploads\/2023\/08\/Imagen-de-WhatsApp-20c23-07-24-a-las-17.08.26-1024x683.jpg 1024w, https:\/\/raicesjerezanas.com\/wp-content\/uploads\/2023\/08\/Imagen-de-WhatsApp-20c23-07-24-a-las-17.08.26-768x512.jpg 768w, https:\/\/raicesjerezanas.com\/wp-content\/uploads\/2023\/08\/Imagen-de-WhatsApp-20c23-07-24-a-las-17.08.26-1536x1024.jpg 1536w\" sizes=\"auto, (max-width: 1599px) 100vw, 1599px\" \/><\/a><\/p>\n<p>En el evento, el Dr. Jos\u00e9 Humberto Salazar Contreras, mandatario municipal, expres\u00f3 que los migrantes son el testimonio viviente de la fuerza y resistencia del esp\u00edritu humano, y que cada placa plasma las historias de estos migrantes, quienes merecen ser reconocidos. Adem\u00e1s, les agradeci\u00f3 por mantener vivo el v\u00ednculo con su tierra\u00a0de\u00a0origen.<\/p>\n","protected":false},"excerpt":{"rendered":"<div class=\"mh-excerpt\"><p>Fueron 40 placas dedicadas a migrantes jerezanos. Jerez, Zac.- En este tercer d\u00eda de eventos de la Segunda Semana del Migrante en Jerez, frente al <a class=\"mh-excerpt-more\" href=\"https:\/\/raicesjerezanas.com\/?p=22741\" title=\"DEVELAN PLACAS EN HONOR A MIGRANTES EN LA ALAMEDA DE JEREZ\">&#8230;<\/a><\/p>\n<\/div>","protected":false},"author":1,"featured_media":22742,"comment_status":"closed","ping_status":"closed","sticky":false,"template":"","format":"standard","meta":{"footnotes":""},"categories":[102],"tags":[],"class_list":["post-22741","post","type-post","status-publish","format-standard","has-post-thumbnail","hentry","category-noticias-de-jerez"],"_links":{"self":[{"href":"https:\/\/raicesjerezanas.com\/index.php?rest_route=\/wp\/v2\/posts\/22741","targetHints":{"allow":["GET"]}}],"collection":[{"href":"https:\/\/raicesjerezanas.com\/index.php?rest_route=\/wp\/v2\/posts"}],"about":[{"href":"https:\/\/raicesjerezanas.com\/index.php?rest_route=\/wp\/v2\/types\/post"}],"author":[{"embeddable":true,"href":"https:\/\/raicesjerezanas.com\/index.php?rest_route=\/wp\/v2\/users\/1"}],"replies":[{"embeddable":true,"href":"https:\/\/raicesjerezanas.com\/index.php?rest_route=%2Fwp%2Fv2%2Fcomments&post=22741"}],"version-history":[{"count":0,"href":"https:\/\/raicesjerezanas.com\/index.php?rest_route=\/wp\/v2\/posts\/22741\/revisions"}],"wp:featuredmedia":[{"embeddable":true,"href":"https:\/\/raicesjerezanas.com\/index.php?rest_route=\/wp\/v2\/media\/22742"}],"wp:attachment":[{"href":"https:\/\/raicesjerezanas.com\/index.php?rest_route=%2Fwp%2Fv2%2Fmedia&parent=22741"}],"wp:term":[{"taxonomy":"category","embeddable":true,"href":"https:\/\/raicesjerezanas.com\/index.php?rest_route=%2Fwp%2Fv2%2Fcategories&post=22741"},{"taxonomy":"post_tag","embeddable":true,"href":"https:\/\/raicesjerezanas.com\/index.php?rest_route=%2Fwp%2Fv2%2Ftags&post=22741"}],"curies":[{"name":"wp","href":"https:\/\/api.w.org\/{rel}","templated":true}]}}