{"id":22775,"date":"2023-06-24T10:15:42","date_gmt":"2023-06-24T16:15:42","guid":{"rendered":"https:\/\/enconecte.com\/?p=22510"},"modified":"2023-06-24T10:15:42","modified_gmt":"2023-06-24T16:15:42","slug":"injjuve-abre-convocatoria-para-el-concurso-verano-fitness","status":"publish","type":"post","link":"https:\/\/raicesjerezanas.com\/?p=22775","title":{"rendered":"INJJUVE ABRE CONVOCATORIA PARA EL CONCURSO \u201cVERANO FITNESS\u201d"},"content":{"rendered":"<ul>\n<li>La convocatoria queda abierta a partir de su publicaci\u00f3n hasta el d\u00eda 3 de julio para todo el p\u00fablico a partir de los 15 a\u00f1os y hasta los 29.<\/li>\n<li>Los interesados podr\u00e1n inscribirse en las instalaciones del ciber del INJJUVE, C. P\u00e1nfilo Natera 1, Fraccionamiento Guadalupe, a espaldas del templo ubicado en la colonia, con horario de oficina.<\/li>\n<\/ul>\n<p>Jerez, Zac.- Por iniciativa del gobierno municipal 2021-2024, a trav\u00e9s del Instituto Jerezano de la Juventud (INJJUVE), fue presentada oficialmente, mediante sus redes sociales, la convocatoria para el concurso \u201cVerano Fitness\u201d, que tendr\u00e1 una duraci\u00f3n de dos meses, con el objetivo de alentar a las y los j\u00f3venes a buscar un estilo de vida saludable por medio del ejercicio y la sana alimentaci\u00f3n.<\/p>\n<p>Sobre los detalles de la convocatoria, la titular del Instituto, Laura Marlinet Carillo D\u00edaz, puntualiz\u00f3 que se encuentra abierta partir de hoy, hasta el d\u00eda del comienzo de la competencia, que ser\u00e1 el lunes 3 de julio, a fin de brindar condiciones iguales a los j\u00f3venes participantes. Tendr\u00e1 una duraci\u00f3n de 2 meses, en los cuales se les brindar\u00e1n planes de alimentaci\u00f3n personalizados, tambi\u00e9n rutinas de ejercicio y se premiar\u00e1n los 3 primeros lugares: quienes logren bajar m\u00e1s su \u00edndice de grasa corporal.<\/p>\n<p>Los premios para los vencedores, consistir\u00e1n en lo siguiente; para el primer lugar, ser\u00e1n tres meses de gimnasio gratis y un suero de leche de 5lb, para el segundo, dos meses de gimnasio gratis y para el tercero, un mes gratis, todos en el Louder Fitness Studio, quien es patrocinador del concurso, detall\u00f3 el personal\u00a0del\u00a0INJJUVE.<\/p>\n","protected":false},"excerpt":{"rendered":"<div class=\"mh-excerpt\"><p>La convocatoria queda abierta a partir de su publicaci\u00f3n hasta el d\u00eda 3 de julio para todo el p\u00fablico a partir de los 15 a\u00f1os <a class=\"mh-excerpt-more\" href=\"https:\/\/raicesjerezanas.com\/?p=22775\" title=\"INJJUVE ABRE CONVOCATORIA PARA EL CONCURSO \u201cVERANO FITNESS\u201d\">&#8230;<\/a><\/p>\n<\/div>","protected":false},"author":1,"featured_media":22520,"comment_status":"closed","ping_status":"closed","sticky":false,"template":"","format":"standard","meta":{"footnotes":""},"categories":[102],"tags":[],"class_list":["post-22775","post","type-post","status-publish","format-standard","has-post-thumbnail","hentry","category-noticias-de-jerez"],"_links":{"self":[{"href":"https:\/\/raicesjerezanas.com\/index.php?rest_route=\/wp\/v2\/posts\/22775","targetHints":{"allow":["GET"]}}],"collection":[{"href":"https:\/\/raicesjerezanas.com\/index.php?rest_route=\/wp\/v2\/posts"}],"about":[{"href":"https:\/\/raicesjerezanas.com\/index.php?rest_route=\/wp\/v2\/types\/post"}],"author":[{"embeddable":true,"href":"https:\/\/raicesjerezanas.com\/index.php?rest_route=\/wp\/v2\/users\/1"}],"replies":[{"embeddable":true,"href":"https:\/\/raicesjerezanas.com\/index.php?rest_route=%2Fwp%2Fv2%2Fcomments&post=22775"}],"version-history":[{"count":0,"href":"https:\/\/raicesjerezanas.com\/index.php?rest_route=\/wp\/v2\/posts\/22775\/revisions"}],"wp:featuredmedia":[{"embeddable":true,"href":"https:\/\/raicesjerezanas.com\/index.php?rest_route=\/wp\/v2\/media\/22520"}],"wp:attachment":[{"href":"https:\/\/raicesjerezanas.com\/index.php?rest_route=%2Fwp%2Fv2%2Fmedia&parent=22775"}],"wp:term":[{"taxonomy":"category","embeddable":true,"href":"https:\/\/raicesjerezanas.com\/index.php?rest_route=%2Fwp%2Fv2%2Fcategories&post=22775"},{"taxonomy":"post_tag","embeddable":true,"href":"https:\/\/raicesjerezanas.com\/index.php?rest_route=%2Fwp%2Fv2%2Ftags&post=22775"}],"curies":[{"name":"wp","href":"https:\/\/api.w.org\/{rel}","templated":true}]}}