{"id":22776,"date":"2023-06-26T10:18:18","date_gmt":"2023-06-26T16:18:18","guid":{"rendered":"https:\/\/enconecte.com\/?p=22512"},"modified":"2023-06-26T10:18:18","modified_gmt":"2023-06-26T16:18:18","slug":"realizan-segunda-edicion-de-carrera-5k-en-jerez","status":"publish","type":"post","link":"https:\/\/raicesjerezanas.com\/?p=22776","title":{"rendered":"REALIZAN SEGUNDA EDICI\u00d3N DE CARRERA 5K EN JEREZ"},"content":{"rendered":"<ul>\n<li>Asistieron alrededor de 70 participantes y fueron rotas 6 marcas de la anterior edici\u00f3n.<\/li>\n<\/ul>\n<p>Jerez, Zac.- Bajo un ambiente familiar y deportivo la ma\u00f1ana de este s\u00e1bado en la Unidad Deportiva, fue realizada por iniciativa de la Liga Municipal de Atletismo, Escuela Municipal de Atletismo y la actual administraci\u00f3n municipal 2021-2024, a trav\u00e9s de la Coordinaci\u00f3n Municipal del Deporte, la Segunda edici\u00f3n de la Carrera 5k en Jerez a fin de incentivar y fomentar las pr\u00e1cticas de atletismo y el sano esparcimiento en todas las generaciones jerezanas.<\/p>\n<p>Previo a la premiaci\u00f3n, el presidente de la Liga Municipal de Atletismo de Jerez, C\u00e9sar Daniel P\u00e9rez, agradeci\u00f3 la asistencia de los distintos clubes de corredores y corredores independientes, as\u00ed como el apoyo incondicional del gobierno. Frente a m\u00e1s de 70 corredores, Armando Qui\u00f1ones, coordinador del Deporte, agradeci\u00f3 a todos los corredores locales y for\u00e1neos por darse cita en Jerez a practicar deporte, los felicit\u00f3 e incit\u00f3 a seguir auto-motiv\u00e1ndose y motivando a otros a realizar estas pr\u00e1cticas deportivas, que fomentan la sana convivencia.<\/p>\n<p><a href=\"https:\/\/enconecte.com\/wp-content\/uploads\/2023\/07\/Imagen-de-WhatsApp-2023-06-26-a-las-09.57.09.jpg\"><img loading=\"lazy\" decoding=\"async\" class=\"alignnone size-full wp-image-22514\" src=\"https:\/\/enconecte.com\/wp-content\/uploads\/2023\/07\/Imagen-de-WhatsApp-2023-06-26-a-las-09.57.09.jpg\" alt=\"\" width=\"1600\" height=\"1066\" \/><\/a><\/p>\n<p>Esta segunda edici\u00f3n, se destac\u00f3 la presencia medallistas de la Comisi\u00f3n Nacional de Cultura F\u00edsica y Deporte (COANDE), medallista de Universidad Nacional y corredores ol\u00edmpicos. Se cont\u00f3 con pruebas infantiles de: 50 m, 75m y 100; as\u00ed como las seis categor\u00edas: sub 16, sub 20, sub 23, libre, master y veteranos, en femenil y varonil, tambi\u00e9n se realizaron las pruebas de velocidad 100 m, 200m, 400m, 800m y 1500m, tambi\u00e9n las carreras 5k.<\/p>\n<p>En las premiaciones, para los peque\u00f1os fueron en especie, las categor\u00edas los 1\u00b0,2\u00b0 y 3\u00b0 lugares, as\u00ed como carreras 5k, en efectivo, reconocimientos y medallas y como premios especiales a los corredores que rompieron marcas. Durante esta edici\u00f3n estuvieron presentes el Prof. Vidal Poblana Aguilar, subcoordinador del Deporte y F\u00e1tima Salazar, presidente de la Escuela de Atletismo\u00a0de\u00a0Jerez.<\/p>\n","protected":false},"excerpt":{"rendered":"<div class=\"mh-excerpt\"><p>Asistieron alrededor de 70 participantes y fueron rotas 6 marcas de la anterior edici\u00f3n. Jerez, Zac.- Bajo un ambiente familiar y deportivo la ma\u00f1ana de <a class=\"mh-excerpt-more\" href=\"https:\/\/raicesjerezanas.com\/?p=22776\" title=\"REALIZAN SEGUNDA EDICI\u00d3N DE CARRERA 5K EN JEREZ\">&#8230;<\/a><\/p>\n<\/div>","protected":false},"author":1,"featured_media":22521,"comment_status":"closed","ping_status":"closed","sticky":false,"template":"","format":"standard","meta":{"footnotes":""},"categories":[102],"tags":[],"class_list":["post-22776","post","type-post","status-publish","format-standard","has-post-thumbnail","hentry","category-noticias-de-jerez"],"_links":{"self":[{"href":"https:\/\/raicesjerezanas.com\/index.php?rest_route=\/wp\/v2\/posts\/22776","targetHints":{"allow":["GET"]}}],"collection":[{"href":"https:\/\/raicesjerezanas.com\/index.php?rest_route=\/wp\/v2\/posts"}],"about":[{"href":"https:\/\/raicesjerezanas.com\/index.php?rest_route=\/wp\/v2\/types\/post"}],"author":[{"embeddable":true,"href":"https:\/\/raicesjerezanas.com\/index.php?rest_route=\/wp\/v2\/users\/1"}],"replies":[{"embeddable":true,"href":"https:\/\/raicesjerezanas.com\/index.php?rest_route=%2Fwp%2Fv2%2Fcomments&post=22776"}],"version-history":[{"count":0,"href":"https:\/\/raicesjerezanas.com\/index.php?rest_route=\/wp\/v2\/posts\/22776\/revisions"}],"wp:featuredmedia":[{"embeddable":true,"href":"https:\/\/raicesjerezanas.com\/index.php?rest_route=\/wp\/v2\/media\/22521"}],"wp:attachment":[{"href":"https:\/\/raicesjerezanas.com\/index.php?rest_route=%2Fwp%2Fv2%2Fmedia&parent=22776"}],"wp:term":[{"taxonomy":"category","embeddable":true,"href":"https:\/\/raicesjerezanas.com\/index.php?rest_route=%2Fwp%2Fv2%2Fcategories&post=22776"},{"taxonomy":"post_tag","embeddable":true,"href":"https:\/\/raicesjerezanas.com\/index.php?rest_route=%2Fwp%2Fv2%2Ftags&post=22776"}],"curies":[{"name":"wp","href":"https:\/\/api.w.org\/{rel}","templated":true}]}}