{"id":22777,"date":"2023-06-26T10:35:27","date_gmt":"2023-06-26T16:35:27","guid":{"rendered":"https:\/\/enconecte.com\/?p=22515"},"modified":"2023-06-26T10:35:27","modified_gmt":"2023-06-26T16:35:27","slug":"entrega-el-alcalde-apoyos-de-atencion-ciudadana-para-estudiantes-y-padecimientos-de-salud","status":"publish","type":"post","link":"https:\/\/raicesjerezanas.com\/?p=22777","title":{"rendered":"ENTREGA EL ALCALDE APOYOS DE ATENCI\u00d3N CIUDADANA PARA ESTUDIANTES Y PADECIMIENTOS DE SALUD"},"content":{"rendered":"<p>El alcalde Jos\u00e9 Humberto Salazar Contreras entreg\u00f3 apoyos econ\u00f3micos en respuesta a la solicitud que seis beneficiarios realizaron en el departamento de Atenci\u00f3n Ciudadana, la mayor\u00eda de ellos por gastos m\u00e9dicos, funerarios, adem\u00e1s de un monto para j\u00f3venes que se preparan acad\u00e9micamente lejos de su tierra.<\/p>\n<p>En este paquete se consideraron dos j\u00f3venes estudiantes, con 10 mil pesos a cada uno, para gastos de hospedaje, alimentaci\u00f3n y traslado; el primero en el estado de Veracruz, donde aspira a realizar estudios para el servicio de la Patria; asimismo una joven alumna del instituto Tecnol\u00f3gico Nacional de M\u00e9xico, Campus Jerez, que es parte del programa de Movilidad Internacional del Instituto Polit\u00e9cnico Nacional (IPN) en la Universidad KTH Royal Institute Of Technology de Suecia.<\/p>\n<p>Otros beneficiarios recibieron de manos del presidente municipal, la cantidad de cinco mil pesos, para atender situaciones de salud, uno de ellos para solventar un adeudo por su hospitalizaci\u00f3n que requiri\u00f3 una cirug\u00eda urgente, otro solicitante que hizo la petici\u00f3n para cubrir gastos de la cirug\u00eda de su padre y una m\u00e1s para el tratamiento quir\u00fargico de un tumor.<\/p>\n<p>Asimismo, se dio respuesta a la solicitud de una persona que requiri\u00f3 apoyo para gastos funerarios, por la cantidad de 10 mil pesos.<br \/>\nDurante la entrega, el doctor Salazar estuvo acompa\u00f1ado por Ma. Del Consuelo Trujillo Moreno, la jefa del departamento de Atenci\u00f3n Ciudadana y Asistencia Social, quien, por indicaciones del presidente municipal, da curso a las solicitudes de la poblaci\u00f3n en la oficina ubicada al interior de la Presidencia\u00a0Municipal.<\/p>\n","protected":false},"excerpt":{"rendered":"<div class=\"mh-excerpt\"><p>El alcalde Jos\u00e9 Humberto Salazar Contreras entreg\u00f3 apoyos econ\u00f3micos en respuesta a la solicitud que seis beneficiarios realizaron en el departamento de Atenci\u00f3n Ciudadana, la <a class=\"mh-excerpt-more\" href=\"https:\/\/raicesjerezanas.com\/?p=22777\" title=\"ENTREGA EL ALCALDE APOYOS DE ATENCI\u00d3N CIUDADANA PARA ESTUDIANTES Y PADECIMIENTOS DE SALUD\">&#8230;<\/a><\/p>\n<\/div>","protected":false},"author":1,"featured_media":22523,"comment_status":"closed","ping_status":"closed","sticky":false,"template":"","format":"standard","meta":{"footnotes":""},"categories":[102],"tags":[],"class_list":["post-22777","post","type-post","status-publish","format-standard","has-post-thumbnail","hentry","category-noticias-de-jerez"],"_links":{"self":[{"href":"https:\/\/raicesjerezanas.com\/index.php?rest_route=\/wp\/v2\/posts\/22777","targetHints":{"allow":["GET"]}}],"collection":[{"href":"https:\/\/raicesjerezanas.com\/index.php?rest_route=\/wp\/v2\/posts"}],"about":[{"href":"https:\/\/raicesjerezanas.com\/index.php?rest_route=\/wp\/v2\/types\/post"}],"author":[{"embeddable":true,"href":"https:\/\/raicesjerezanas.com\/index.php?rest_route=\/wp\/v2\/users\/1"}],"replies":[{"embeddable":true,"href":"https:\/\/raicesjerezanas.com\/index.php?rest_route=%2Fwp%2Fv2%2Fcomments&post=22777"}],"version-history":[{"count":0,"href":"https:\/\/raicesjerezanas.com\/index.php?rest_route=\/wp\/v2\/posts\/22777\/revisions"}],"wp:featuredmedia":[{"embeddable":true,"href":"https:\/\/raicesjerezanas.com\/index.php?rest_route=\/wp\/v2\/media\/22523"}],"wp:attachment":[{"href":"https:\/\/raicesjerezanas.com\/index.php?rest_route=%2Fwp%2Fv2%2Fmedia&parent=22777"}],"wp:term":[{"taxonomy":"category","embeddable":true,"href":"https:\/\/raicesjerezanas.com\/index.php?rest_route=%2Fwp%2Fv2%2Fcategories&post=22777"},{"taxonomy":"post_tag","embeddable":true,"href":"https:\/\/raicesjerezanas.com\/index.php?rest_route=%2Fwp%2Fv2%2Ftags&post=22777"}],"curies":[{"name":"wp","href":"https:\/\/api.w.org\/{rel}","templated":true}]}}