{"id":22778,"date":"2023-06-28T14:14:42","date_gmt":"2023-06-28T20:14:42","guid":{"rendered":"https:\/\/enconecte.com\/?p=22766"},"modified":"2023-06-28T14:14:42","modified_gmt":"2023-06-28T20:14:42","slug":"inauguran-pavimentacion-y-rehabilitacion-de-drenajes-en-fraccionamiento-caxcan","status":"publish","type":"post","link":"https:\/\/raicesjerezanas.com\/?p=22778","title":{"rendered":"INAUGURAN PAVIMENTACI\u00d3N Y REHABILITACI\u00d3N DE DRENAJES EN FRACCIONAMIENTO CAXC\u00c1N"},"content":{"rendered":"<p>El gobierno municipal 2021-2024, encabezado por el Dr. Jos\u00e9 Humberto Salazar Contreras, se ha dado a la tarea de identificar las \u00e1reas con necesidades para que los habitantes de Jerez puedan contar con mejores espacios. Por ello, a trav\u00e9s de la direcci\u00f3n de Obras y Servicios P\u00fablicos, se dio inicio a la obra de Pavimentaci\u00f3n con concreto hidr\u00e1ulico, Rehabilitaci\u00f3n de red de drenaje y tomas de agua potable en la calle Teotihuac\u00e1n, fraccionamiento Caxc\u00e1n, la cual forma parte del Fondo de Aportaciones para la Infraestructura Municipal (FISM).<\/p>\n<p>Para explicar esta obra, el Arq. Alfredo Mar\u00edn Luna, director de Obras y Servicios P\u00fablicos, inform\u00f3 que el proyecto consiste en la construcci\u00f3n de 48 m de red de alcantarillado, 2 descargas domiciliarias, 3 tomas domiciliarias, 162 m de guarnici\u00f3n, 178 m2 de banqueta y 924 m2 de piso de concreto hidr\u00e1ulico. Esta obra beneficiar\u00e1 a 800 personas, con una inversi\u00f3n superior al mill\u00f3n y cuarto de pesos.<\/p>\n<p>El mun\u00edcipe jerezano, Dr. Jos\u00e9 Humberto Salazar Contreras, manifest\u00f3 que con esta obra se busca mejorar las vialidades para beneficiar a la poblaci\u00f3n y promover la seguridad. Se pretende seguir trabajando en m\u00e1s proyectos conforme lleguen recursos. Por ahora, esta obra favorece no solo a los vecinos de la colonia, sino tambi\u00e9n a la parte oriente de Jerez.<\/p>\n<p><a href=\"https:\/\/raicesjerezanas.com\/wp-content\/uploads\/2023\/08\/Imagen-de-WhatsApp-2023-07-28-a-las-07.29.58.jpg\"><img loading=\"lazy\" decoding=\"async\" class=\"alignnone size-full wp-image-22768\" src=\"https:\/\/raicesjerezanas.com\/wp-content\/uploads\/2023\/08\/Imagen-de-WhatsApp-2023-07-28-a-las-07.29.58.jpg\" alt=\"\" width=\"1599\" height=\"972\" \/><\/a><\/p>\n<p>En el evento de inicio de las obras, estuvieron presentes la Lic. Elizabeth Murillo, regidora; el Lic. David Yosafat de la Torre, director de Desarrollo Econ\u00f3mico y Social; el M.A. Marco Antonio Valenzuela, director del SIMAPAJ; el Ing. Gustavo Barajas Garay, subdirector de Obras P\u00fablicas; el Tec. Jaime Mart\u00ednez Saldivar, subdirector de Servicios P\u00fablicos, y Mario Nicol\u00e1s Gonz\u00e1lez,\u00a0beneficiario.<\/p>\n","protected":false},"excerpt":{"rendered":"<div class=\"mh-excerpt\"><p>El gobierno municipal 2021-2024, encabezado por el Dr. Jos\u00e9 Humberto Salazar Contreras, se ha dado a la tarea de identificar las \u00e1reas con necesidades para <a class=\"mh-excerpt-more\" href=\"https:\/\/raicesjerezanas.com\/?p=22778\" title=\"INAUGURAN PAVIMENTACI\u00d3N Y REHABILITACI\u00d3N DE DRENAJES EN FRACCIONAMIENTO CAXC\u00c1N\">&#8230;<\/a><\/p>\n<\/div>","protected":false},"author":1,"featured_media":22767,"comment_status":"closed","ping_status":"closed","sticky":false,"template":"","format":"standard","meta":{"footnotes":""},"categories":[102],"tags":[],"class_list":["post-22778","post","type-post","status-publish","format-standard","has-post-thumbnail","hentry","category-noticias-de-jerez"],"_links":{"self":[{"href":"https:\/\/raicesjerezanas.com\/index.php?rest_route=\/wp\/v2\/posts\/22778","targetHints":{"allow":["GET"]}}],"collection":[{"href":"https:\/\/raicesjerezanas.com\/index.php?rest_route=\/wp\/v2\/posts"}],"about":[{"href":"https:\/\/raicesjerezanas.com\/index.php?rest_route=\/wp\/v2\/types\/post"}],"author":[{"embeddable":true,"href":"https:\/\/raicesjerezanas.com\/index.php?rest_route=\/wp\/v2\/users\/1"}],"replies":[{"embeddable":true,"href":"https:\/\/raicesjerezanas.com\/index.php?rest_route=%2Fwp%2Fv2%2Fcomments&post=22778"}],"version-history":[{"count":0,"href":"https:\/\/raicesjerezanas.com\/index.php?rest_route=\/wp\/v2\/posts\/22778\/revisions"}],"wp:featuredmedia":[{"embeddable":true,"href":"https:\/\/raicesjerezanas.com\/index.php?rest_route=\/wp\/v2\/media\/22767"}],"wp:attachment":[{"href":"https:\/\/raicesjerezanas.com\/index.php?rest_route=%2Fwp%2Fv2%2Fmedia&parent=22778"}],"wp:term":[{"taxonomy":"category","embeddable":true,"href":"https:\/\/raicesjerezanas.com\/index.php?rest_route=%2Fwp%2Fv2%2Fcategories&post=22778"},{"taxonomy":"post_tag","embeddable":true,"href":"https:\/\/raicesjerezanas.com\/index.php?rest_route=%2Fwp%2Fv2%2Ftags&post=22778"}],"curies":[{"name":"wp","href":"https:\/\/api.w.org\/{rel}","templated":true}]}}