{"id":2280,"date":"2019-10-11T18:41:07","date_gmt":"2019-10-11T23:41:07","guid":{"rendered":"https:\/\/raicesjerezanas.com\/?p=2280"},"modified":"2019-10-11T18:41:07","modified_gmt":"2019-10-11T23:41:07","slug":"168-jerezanos-se-benefician-con-programa-de-fomento-al-autoempleo","status":"publish","type":"post","link":"https:\/\/raicesjerezanas.com\/?p=2280","title":{"rendered":"168 JEREZANOS SE BENEFICIAN CON PROGRAMA DE FOMENTO AL AUTOEMPLEO"},"content":{"rendered":"<p>El Ayuntamiento de Jerez entreg\u00f3 al 168 becas de capacitaci\u00f3n del Programa para el Autoempleo, hechos que tuvo una inversi\u00f3n de 650 mil 528 pesos.<\/p>\n<p>En representaci\u00f3n del Alcalde Antonio Aceves S\u00e1nchez, el Director de Desarrollo Econ\u00f3mico y Social Octavio de la Torre Jim\u00e9nez, coment\u00f3 que este tipo de satisfacciones motivan a la administraci\u00f3n municipal a seguir trabajando por las y los jerezanos.<\/p>\n<p>\u201cLo realmente importante que los beneficiarios se llevan del programa son los conocimientos adquiridos durante las capacitaciones, porque con ello pueden emprender alg\u00fan negocio y llevar recursos econ\u00f3micos a sus hogares\u201d, dijo.<\/p>\n<p>En total se impartieron ocho talleres a trav\u00e9s del Servicio Nacional de Empleo (SNE): reposter\u00eda, elaboraci\u00f3n de muebles de madera, fabricaci\u00f3n de joyer\u00eda de plata, artesan\u00eda, dise\u00f1o y confecci\u00f3n de vestidos para fiestas, bordado artesanal, talabarter\u00eda y costura de prendas de vestir.<\/p>\n<p>En esta ocasi\u00f3n el beneficio se entreg\u00f3 mediante tarjetas donde se realizar\u00e1 el dep\u00f3sito del recurso econ\u00f3mico.<\/p>\n<p>A la entrega de las becas acudieron Susana de la Torre, Directora del DIF Municipal; Claudia Delijorge, Titular del Programa de Autoempleo del SNE, adem\u00e1s de los Regidores Mar\u00eda del Carmen Gamboa, Cristina Muro y Rutilo Carrera.<\/p>\n","protected":false},"excerpt":{"rendered":"<div class=\"mh-excerpt\"><p>El Ayuntamiento de Jerez entreg\u00f3 al 168 becas de capacitaci\u00f3n del Programa para el Autoempleo, hechos que tuvo una inversi\u00f3n de 650 mil 528 pesos. <a class=\"mh-excerpt-more\" href=\"https:\/\/raicesjerezanas.com\/?p=2280\" title=\"168 JEREZANOS SE BENEFICIAN CON PROGRAMA DE FOMENTO AL AUTOEMPLEO\">&#8230;<\/a><\/p>\n<\/div>","protected":false},"author":1,"featured_media":2281,"comment_status":"closed","ping_status":"closed","sticky":false,"template":"","format":"standard","meta":{"footnotes":""},"categories":[],"tags":[],"class_list":["post-2280","post","type-post","status-publish","format-standard","has-post-thumbnail","hentry"],"_links":{"self":[{"href":"https:\/\/raicesjerezanas.com\/index.php?rest_route=\/wp\/v2\/posts\/2280","targetHints":{"allow":["GET"]}}],"collection":[{"href":"https:\/\/raicesjerezanas.com\/index.php?rest_route=\/wp\/v2\/posts"}],"about":[{"href":"https:\/\/raicesjerezanas.com\/index.php?rest_route=\/wp\/v2\/types\/post"}],"author":[{"embeddable":true,"href":"https:\/\/raicesjerezanas.com\/index.php?rest_route=\/wp\/v2\/users\/1"}],"replies":[{"embeddable":true,"href":"https:\/\/raicesjerezanas.com\/index.php?rest_route=%2Fwp%2Fv2%2Fcomments&post=2280"}],"version-history":[{"count":0,"href":"https:\/\/raicesjerezanas.com\/index.php?rest_route=\/wp\/v2\/posts\/2280\/revisions"}],"wp:featuredmedia":[{"embeddable":true,"href":"https:\/\/raicesjerezanas.com\/index.php?rest_route=\/wp\/v2\/media\/2281"}],"wp:attachment":[{"href":"https:\/\/raicesjerezanas.com\/index.php?rest_route=%2Fwp%2Fv2%2Fmedia&parent=2280"}],"wp:term":[{"taxonomy":"category","embeddable":true,"href":"https:\/\/raicesjerezanas.com\/index.php?rest_route=%2Fwp%2Fv2%2Fcategories&post=2280"},{"taxonomy":"post_tag","embeddable":true,"href":"https:\/\/raicesjerezanas.com\/index.php?rest_route=%2Fwp%2Fv2%2Ftags&post=2280"}],"curies":[{"name":"wp","href":"https:\/\/api.w.org\/{rel}","templated":true}]}}