{"id":22802,"date":"2023-07-31T15:00:27","date_gmt":"2023-07-31T21:00:27","guid":{"rendered":"https:\/\/enconecte.com\/?p=22802"},"modified":"2023-07-31T15:00:27","modified_gmt":"2023-07-31T21:00:27","slug":"arrancan-taller-de-reparacion-de-celulares-para-mujeres-en-jerez","status":"publish","type":"post","link":"https:\/\/raicesjerezanas.com\/?p=22802","title":{"rendered":"ARRANCAN TALLER DE REPARACI\u00d3N DE CELULARES PARA MUJERES EN JEREZ"},"content":{"rendered":"<ul>\n<li>Con un total de 27 mujeres inscritas se arranc\u00f3 este curso<\/li>\n<\/ul>\n<p>Jerez, Zac.-El Instituto de la Mujer Jerezana (INMUJE), dependiente del gobierno municipal 2021-2024, ha inaugurado un taller de Reparaci\u00f3n de celulares dirigido a mujeres de la localidad, con el fin de brindarles capacitaci\u00f3n para el autoempleo. El taller se realiza en el marco del Programa de Fortalecimiento a las Instancias Municipales de las Mujeres (PROFIMMEZ), que se desarrolla en convenio con la Secretaria de Mujer del Estado de Zacatecas (SEMUJER).<\/p>\n<p><a href=\"https:\/\/enconecte.com\/wp-content\/uploads\/2023\/08\/Imagen-de-WhatsApp-2023-07-31-a-las-11.10.40-1.jpg\"><img loading=\"lazy\" decoding=\"async\" class=\"alignnone size-full wp-image-22806\" src=\"https:\/\/enconecte.com\/wp-content\/uploads\/2023\/08\/Imagen-de-WhatsApp-2023-07-31-a-las-11.10.40-1.jpg\" alt=\"\" width=\"1600\" height=\"1066\" srcset=\"https:\/\/raicesjerezanas.com\/wp-content\/uploads\/2023\/08\/Imagen-de-WhatsApp-2023-07-31-a-las-11.10.40-1.jpg 1600w, https:\/\/raicesjerezanas.com\/wp-content\/uploads\/2023\/08\/Imagen-de-WhatsApp-2023-07-31-a-las-11.10.40-1-300x200.jpg 300w, https:\/\/raicesjerezanas.com\/wp-content\/uploads\/2023\/08\/Imagen-de-WhatsApp-2023-07-31-a-las-11.10.40-1-1024x682.jpg 1024w, https:\/\/raicesjerezanas.com\/wp-content\/uploads\/2023\/08\/Imagen-de-WhatsApp-2023-07-31-a-las-11.10.40-1-768x512.jpg 768w, https:\/\/raicesjerezanas.com\/wp-content\/uploads\/2023\/08\/Imagen-de-WhatsApp-2023-07-31-a-las-11.10.40-1-1536x1023.jpg 1536w\" sizes=\"auto, (max-width: 1600px) 100vw, 1600px\" \/><\/a><\/p>\n<p>La Lic. En Educaci\u00f3n Teresina Casas Castro, titular del INMUJE, expres\u00f3 su deseo de que las participantes aprovechen al m\u00e1ximo los conocimientos que adquirir\u00e1n en el curso, que tendr\u00e1 una duraci\u00f3n de dos semanas y estar\u00e1 a cargo del instructor Ram\u00f3n Javier de la Rosa S\u00e1nchez. Asimismo, las felicit\u00f3 por su inter\u00e9s y dedicaci\u00f3n.<\/p>\n<p>Por su parte, el Lic. David Yosafat de la Torre Pinedo, director de Desarrollo Econ\u00f3mico y Social, destac\u00f3 que esta actividad es un paso importante para promover la igualdad y el empoderamiento de la mujer jerezana, as\u00ed como para facilitar su inserci\u00f3n en una sociedad m\u00e1s justa y equitativa. Tambi\u00e9n se\u00f1al\u00f3 que el taller contribuir\u00e1 a romper estereotipos en un sector que suele estar dominado por\u00a0los\u00a0hombres.<\/p>\n","protected":false},"excerpt":{"rendered":"<div class=\"mh-excerpt\"><p>Con un total de 27 mujeres inscritas se arranc\u00f3 este curso Jerez, Zac.-El Instituto de la Mujer Jerezana (INMUJE), dependiente del gobierno municipal 2021-2024, ha <a class=\"mh-excerpt-more\" href=\"https:\/\/raicesjerezanas.com\/?p=22802\" title=\"ARRANCAN TALLER DE REPARACI\u00d3N DE CELULARES PARA MUJERES EN JEREZ\">&#8230;<\/a><\/p>\n<\/div>","protected":false},"author":1,"featured_media":22805,"comment_status":"closed","ping_status":"closed","sticky":false,"template":"","format":"standard","meta":{"footnotes":""},"categories":[102],"tags":[],"class_list":["post-22802","post","type-post","status-publish","format-standard","has-post-thumbnail","hentry","category-noticias-de-jerez"],"_links":{"self":[{"href":"https:\/\/raicesjerezanas.com\/index.php?rest_route=\/wp\/v2\/posts\/22802","targetHints":{"allow":["GET"]}}],"collection":[{"href":"https:\/\/raicesjerezanas.com\/index.php?rest_route=\/wp\/v2\/posts"}],"about":[{"href":"https:\/\/raicesjerezanas.com\/index.php?rest_route=\/wp\/v2\/types\/post"}],"author":[{"embeddable":true,"href":"https:\/\/raicesjerezanas.com\/index.php?rest_route=\/wp\/v2\/users\/1"}],"replies":[{"embeddable":true,"href":"https:\/\/raicesjerezanas.com\/index.php?rest_route=%2Fwp%2Fv2%2Fcomments&post=22802"}],"version-history":[{"count":0,"href":"https:\/\/raicesjerezanas.com\/index.php?rest_route=\/wp\/v2\/posts\/22802\/revisions"}],"wp:featuredmedia":[{"embeddable":true,"href":"https:\/\/raicesjerezanas.com\/index.php?rest_route=\/wp\/v2\/media\/22805"}],"wp:attachment":[{"href":"https:\/\/raicesjerezanas.com\/index.php?rest_route=%2Fwp%2Fv2%2Fmedia&parent=22802"}],"wp:term":[{"taxonomy":"category","embeddable":true,"href":"https:\/\/raicesjerezanas.com\/index.php?rest_route=%2Fwp%2Fv2%2Fcategories&post=22802"},{"taxonomy":"post_tag","embeddable":true,"href":"https:\/\/raicesjerezanas.com\/index.php?rest_route=%2Fwp%2Fv2%2Ftags&post=22802"}],"curies":[{"name":"wp","href":"https:\/\/api.w.org\/{rel}","templated":true}]}}