{"id":22823,"date":"2023-08-03T18:24:35","date_gmt":"2023-08-04T00:24:35","guid":{"rendered":"https:\/\/enconecte.com\/?p=22823"},"modified":"2023-08-03T18:24:35","modified_gmt":"2023-08-04T00:24:35","slug":"inician-trabajos-en-ampliacion-de-lineas-de-drenaje-en-santa-gertrudis","status":"publish","type":"post","link":"https:\/\/raicesjerezanas.com\/?p=22823","title":{"rendered":"INICIAN TRABAJOS EN AMPLIACI\u00d3N DE L\u00cdNEAS DE DRENAJE EN SANTA. GERTRUDIS"},"content":{"rendered":"<p><strong>Obra con inversi\u00f3n de m\u00e1s de $400,000.00 beneficiando a gran parte de la poblaci\u00f3n.<\/strong><\/p>\n<p>El gobierno municipal 2021-2024 siempre busca el beneficio de los habitantes de Jerez y de las diversas comunidades y sectores del municipio, especialmente atendiendo necesidades apremiantes como el suministro de agua potable y el sistema de drenaje. En este sentido, se ha puesto en marcha una serie de obras con el objetivo de mejorar la calidad de vida de los ciudadanos.<\/p>\n<p>Una de estas obras es la ampliaci\u00f3n de las l\u00edneas de drenaje en la comunidad de Santa Gertrudis, la cual est\u00e1 a cargo de la Direcci\u00f3n de Obras y Servicios P\u00fablicos. Previamente al inicio de la obra, el Arq. Alfredo Mar\u00edn Luna, director de Obras y Servicios P\u00fablicos, explic\u00f3 que la comunidad llevaba varios a\u00f1os enfrentando problemas con un sistema de tuber\u00edas en mal estado. Esta ampliaci\u00f3n incluir\u00e1 la instalaci\u00f3n de 226 metros de tuber\u00eda de PVC para alcantarillado, la construcci\u00f3n de 5 pozos de visita, 1 registro para desazolve de s\u00f3lidos y retenci\u00f3n de basura, 1 registro para desazolve de lodos, un biodigestor autolimpiable de 7 mil litros y 1 pozo de absorci\u00f3n. Se espera que m\u00e1s de 70 personas se beneficien con esta mejora, y el costo de la obra es de m\u00e1s de $400,000.00.<\/p>\n<p>Durante el evento, el Sr. Rafael Mart\u00ednez Dom\u00ednguez, delegado de la comunidad, agradeci\u00f3 en nombre de los residentes el apoyo brindado para solucionar esta urgente situaci\u00f3n.<\/p>\n<p><a href=\"https:\/\/enconecte.com\/wp-content\/uploads\/2023\/08\/Imagen-de-WhatsApp-2023-08-03-a-las-21.34.43.jpg\"><img loading=\"lazy\" decoding=\"async\" class=\"alignnone size-full wp-image-22824\" src=\"https:\/\/enconecte.com\/wp-content\/uploads\/2023\/08\/Imagen-de-WhatsApp-2023-08-03-a-las-21.34.43.jpg\" alt=\"\" width=\"1600\" height=\"1066\" srcset=\"https:\/\/raicesjerezanas.com\/wp-content\/uploads\/2023\/08\/Imagen-de-WhatsApp-2023-08-03-a-las-21.34.43.jpg 1600w, https:\/\/raicesjerezanas.com\/wp-content\/uploads\/2023\/08\/Imagen-de-WhatsApp-2023-08-03-a-las-21.34.43-300x200.jpg 300w, https:\/\/raicesjerezanas.com\/wp-content\/uploads\/2023\/08\/Imagen-de-WhatsApp-2023-08-03-a-las-21.34.43-1024x682.jpg 1024w, https:\/\/raicesjerezanas.com\/wp-content\/uploads\/2023\/08\/Imagen-de-WhatsApp-2023-08-03-a-las-21.34.43-768x512.jpg 768w, https:\/\/raicesjerezanas.com\/wp-content\/uploads\/2023\/08\/Imagen-de-WhatsApp-2023-08-03-a-las-21.34.43-1536x1023.jpg 1536w\" sizes=\"auto, (max-width: 1600px) 100vw, 1600px\" \/><\/a><\/p>\n<p>Adem\u00e1s del Arq. Alfredo Mar\u00edn Luna y el Sr. Rafael Mart\u00ednez Dom\u00ednguez, tambi\u00e9n estuvieron presentes en el recorrido los siguientes funcionarios y regidores: Lic. Ana Yajaira F\u00e9lix Rivera, C. Luis Mario Mart\u00ednez Aparicio, Lic. David Josafat de la Torre, director de Desarrollo Econ\u00f3mico, Mtro. Marco Antonio Valenzuela Esquivel, director de SIMAPAJ, Ing. Gustavo Barajas Garay, subdirector de Obras P\u00fablicas, Tec. Jaime Mart\u00ednez Saldivar, subdirector de Servicios P\u00fablicos e Ing. V\u00edctor Jes\u00fas Castro Tejeda, contratista. Todos ellos supervisaron el lugar donde se llevar\u00e1n a cabo\u00a0los\u00a0trabajos.<\/p>\n","protected":false},"excerpt":{"rendered":"<div class=\"mh-excerpt\"><p>Obra con inversi\u00f3n de m\u00e1s de $400,000.00 beneficiando a gran parte de la poblaci\u00f3n. El gobierno municipal 2021-2024 siempre busca el beneficio de los habitantes <a class=\"mh-excerpt-more\" href=\"https:\/\/raicesjerezanas.com\/?p=22823\" title=\"INICIAN TRABAJOS EN AMPLIACI\u00d3N DE L\u00cdNEAS DE DRENAJE EN SANTA. GERTRUDIS\">&#8230;<\/a><\/p>\n<\/div>","protected":false},"author":1,"featured_media":22825,"comment_status":"closed","ping_status":"closed","sticky":false,"template":"","format":"standard","meta":{"footnotes":""},"categories":[102],"tags":[],"class_list":["post-22823","post","type-post","status-publish","format-standard","has-post-thumbnail","hentry","category-noticias-de-jerez"],"_links":{"self":[{"href":"https:\/\/raicesjerezanas.com\/index.php?rest_route=\/wp\/v2\/posts\/22823","targetHints":{"allow":["GET"]}}],"collection":[{"href":"https:\/\/raicesjerezanas.com\/index.php?rest_route=\/wp\/v2\/posts"}],"about":[{"href":"https:\/\/raicesjerezanas.com\/index.php?rest_route=\/wp\/v2\/types\/post"}],"author":[{"embeddable":true,"href":"https:\/\/raicesjerezanas.com\/index.php?rest_route=\/wp\/v2\/users\/1"}],"replies":[{"embeddable":true,"href":"https:\/\/raicesjerezanas.com\/index.php?rest_route=%2Fwp%2Fv2%2Fcomments&post=22823"}],"version-history":[{"count":0,"href":"https:\/\/raicesjerezanas.com\/index.php?rest_route=\/wp\/v2\/posts\/22823\/revisions"}],"wp:featuredmedia":[{"embeddable":true,"href":"https:\/\/raicesjerezanas.com\/index.php?rest_route=\/wp\/v2\/media\/22825"}],"wp:attachment":[{"href":"https:\/\/raicesjerezanas.com\/index.php?rest_route=%2Fwp%2Fv2%2Fmedia&parent=22823"}],"wp:term":[{"taxonomy":"category","embeddable":true,"href":"https:\/\/raicesjerezanas.com\/index.php?rest_route=%2Fwp%2Fv2%2Fcategories&post=22823"},{"taxonomy":"post_tag","embeddable":true,"href":"https:\/\/raicesjerezanas.com\/index.php?rest_route=%2Fwp%2Fv2%2Ftags&post=22823"}],"curies":[{"name":"wp","href":"https:\/\/api.w.org\/{rel}","templated":true}]}}