{"id":22826,"date":"2023-08-04T18:25:53","date_gmt":"2023-08-05T00:25:53","guid":{"rendered":"https:\/\/enconecte.com\/?p=22826"},"modified":"2023-08-04T18:25:53","modified_gmt":"2023-08-05T00:25:53","slug":"ampliaran-alumbrado-publico-del-parque-del-fraccionamiento-popular-del-sol","status":"publish","type":"post","link":"https:\/\/raicesjerezanas.com\/?p=22826","title":{"rendered":"AMPLIAR\u00c1N ALUMBRADO P\u00daBLICO DEL PARQUE DEL FRACCIONAMIENTO POPULAR DEL SOL"},"content":{"rendered":"<p>Las \u00e1reas verdes en los fraccionamientos, colonias y localidades jerezanas tambi\u00e9n son espacios p\u00fablicos de relevancia para el desarrollo y el sano esparcimiento de los jerezanos. La importancia de su mantenimiento, rehabilitaci\u00f3n y el correcto funcionamiento de la iluminaci\u00f3n p\u00fablica es fundamental. Por ello, el H. Ayuntamiento de Jerez 2021-2024, a trav\u00e9s de la direcci\u00f3n municipal de Obras y Servicios P\u00fablicos, dio inicio a la obra de ampliaci\u00f3n de alumbrado p\u00fablico en el parque ubicado en el fraccionamiento Popular del Sol.<\/p>\n<p>El titular de la direcci\u00f3n de Obras y Servicios P\u00fablicos, el Arq. Alfredo Mar\u00edn Luna, manifest\u00f3 que estos proyectos buscan brindar mayor seguridad en los espacios p\u00fablicos de las colonias y comunidades. Se instalar\u00e1n 10 postes, 5 con doble l\u00e1mpara y 5 luminarias sencillas, todas suburbanas de 50 watts. Adem\u00e1s, se construir\u00e1 1 m\u00f3dulo con palapa y asador, y se llevar\u00e1 a cabo una rehabilitaci\u00f3n general de todo el cableado. Esta iniciativa beneficiar\u00e1 a m\u00e1s de 500 personas.<\/p>\n<p>La delegada de la colonia, Eva Ver\u00f3nica Hern\u00e1ndez M\u00e1rquez, habl\u00f3 en nombre de los vecinos y agradeci\u00f3 a esta administraci\u00f3n por encontrar eco para dar continuidad a este espacio p\u00fablico, el cual beneficiar\u00e1 a los habitantes del fraccionamiento.<\/p>\n<p><a href=\"https:\/\/enconecte.com\/wp-content\/uploads\/2023\/08\/Imagen-de-WhatsApp-2023-08-04-a-las-06.52.16.jpg\"><img loading=\"lazy\" decoding=\"async\" class=\"alignnone size-full wp-image-22828\" src=\"https:\/\/enconecte.com\/wp-content\/uploads\/2023\/08\/Imagen-de-WhatsApp-2023-08-04-a-las-06.52.16.jpg\" alt=\"\" width=\"1600\" height=\"1066\" srcset=\"https:\/\/raicesjerezanas.com\/wp-content\/uploads\/2023\/08\/Imagen-de-WhatsApp-2023-08-04-a-las-06.52.16.jpg 1600w, https:\/\/raicesjerezanas.com\/wp-content\/uploads\/2023\/08\/Imagen-de-WhatsApp-2023-08-04-a-las-06.52.16-300x200.jpg 300w, https:\/\/raicesjerezanas.com\/wp-content\/uploads\/2023\/08\/Imagen-de-WhatsApp-2023-08-04-a-las-06.52.16-1024x682.jpg 1024w, https:\/\/raicesjerezanas.com\/wp-content\/uploads\/2023\/08\/Imagen-de-WhatsApp-2023-08-04-a-las-06.52.16-768x512.jpg 768w, https:\/\/raicesjerezanas.com\/wp-content\/uploads\/2023\/08\/Imagen-de-WhatsApp-2023-08-04-a-las-06.52.16-1536x1023.jpg 1536w\" sizes=\"auto, (max-width: 1600px) 100vw, 1600px\" \/><\/a><\/p>\n<p>Adem\u00e1s de los vecinos, asistieron los regidores Lic. Ana Yajaira F\u00e9lix Rivera, C. Luis Mario Mart\u00ednez Aparicio y los funcionarios: Lic. David Josafat de la Torre, director de Desarrollo Econ\u00f3mico, y el Mtro. Marco Antonio Valenzuela Esquivel, director del SIMAPAJ, Ing. Gustavo Barajas Garay, subdirector de Obras P\u00fablicas, Tec. Jaime Mart\u00ednez Saldivar, subdirector de Servicios P\u00fablicos y Lic. Hebert Herrera, colono\u00a0beneficiario.<\/p>\n","protected":false},"excerpt":{"rendered":"<div class=\"mh-excerpt\"><p>Las \u00e1reas verdes en los fraccionamientos, colonias y localidades jerezanas tambi\u00e9n son espacios p\u00fablicos de relevancia para el desarrollo y el sano esparcimiento de los <a class=\"mh-excerpt-more\" href=\"https:\/\/raicesjerezanas.com\/?p=22826\" title=\"AMPLIAR\u00c1N ALUMBRADO P\u00daBLICO DEL PARQUE DEL FRACCIONAMIENTO POPULAR DEL SOL\">&#8230;<\/a><\/p>\n<\/div>","protected":false},"author":1,"featured_media":22827,"comment_status":"closed","ping_status":"closed","sticky":false,"template":"","format":"standard","meta":{"footnotes":""},"categories":[102],"tags":[],"class_list":["post-22826","post","type-post","status-publish","format-standard","has-post-thumbnail","hentry","category-noticias-de-jerez"],"_links":{"self":[{"href":"https:\/\/raicesjerezanas.com\/index.php?rest_route=\/wp\/v2\/posts\/22826","targetHints":{"allow":["GET"]}}],"collection":[{"href":"https:\/\/raicesjerezanas.com\/index.php?rest_route=\/wp\/v2\/posts"}],"about":[{"href":"https:\/\/raicesjerezanas.com\/index.php?rest_route=\/wp\/v2\/types\/post"}],"author":[{"embeddable":true,"href":"https:\/\/raicesjerezanas.com\/index.php?rest_route=\/wp\/v2\/users\/1"}],"replies":[{"embeddable":true,"href":"https:\/\/raicesjerezanas.com\/index.php?rest_route=%2Fwp%2Fv2%2Fcomments&post=22826"}],"version-history":[{"count":0,"href":"https:\/\/raicesjerezanas.com\/index.php?rest_route=\/wp\/v2\/posts\/22826\/revisions"}],"wp:featuredmedia":[{"embeddable":true,"href":"https:\/\/raicesjerezanas.com\/index.php?rest_route=\/wp\/v2\/media\/22827"}],"wp:attachment":[{"href":"https:\/\/raicesjerezanas.com\/index.php?rest_route=%2Fwp%2Fv2%2Fmedia&parent=22826"}],"wp:term":[{"taxonomy":"category","embeddable":true,"href":"https:\/\/raicesjerezanas.com\/index.php?rest_route=%2Fwp%2Fv2%2Fcategories&post=22826"},{"taxonomy":"post_tag","embeddable":true,"href":"https:\/\/raicesjerezanas.com\/index.php?rest_route=%2Fwp%2Fv2%2Ftags&post=22826"}],"curies":[{"name":"wp","href":"https:\/\/api.w.org\/{rel}","templated":true}]}}