{"id":22829,"date":"2023-08-04T18:26:44","date_gmt":"2023-08-05T00:26:44","guid":{"rendered":"https:\/\/enconecte.com\/?p=22829"},"modified":"2023-08-04T18:26:44","modified_gmt":"2023-08-05T00:26:44","slug":"se-realiza-restructuracion-en-seguridad-publica-municipal-en-jerez","status":"publish","type":"post","link":"https:\/\/raicesjerezanas.com\/?p=22829","title":{"rendered":"SE REALIZA RESTRUCTURACI\u00d3N EN SEGURIDAD P\u00daBLICA MUNICIPAL EN JEREZ"},"content":{"rendered":"<ul>\n<li>Asume el deber nuevo encargado de la Direcci\u00f3n de Seguridad P\u00fablica Municipal.<\/li>\n<\/ul>\n<p>Jerez, Zac.-Con el objetivo principal de contribuir a la generaci\u00f3n y preservaci\u00f3n del orden p\u00fablico y la paz social en el gobierno municipal 2021-2024, encabezado por el Dr. Jos\u00e9 Humberto Salazar Contreras, la Direcci\u00f3n de Seguridad P\u00fablica Municipal est\u00e1 llevando a cabo una serie de acciones para reestructuraci\u00f3n y mantenimiento. El prop\u00f3sito es optimizar las condiciones y estructura en beneficio de los ciudadanos de Jerez.<\/p>\n<p>Durante esta semana, asumi\u00f3 el cargo el Mtro. Alberto Rivera, como nuevo encargado de la Direcci\u00f3n de Seguridad P\u00fablica Municipal. Adem\u00e1s de tomar protesta, trae consigo la consigna de llevar a cabo una reestructuraci\u00f3n completa de la direcci\u00f3n para mejorar este servicio de suma importancia en Jerez.<\/p>\n<p>Para comenzar, se iniciaron trabajos de mantenimiento en seguridad p\u00fablica, en coordinaci\u00f3n con la direcci\u00f3n de Obras y Servicios P\u00fablicos. El objetivo es mejorar las condiciones de las instalaciones para brindar un mejor servicio a la ciudadan\u00eda. Entre las acciones realizadas se incluyen poda de \u00e1rboles, pintura de se\u00f1al\u00e9tica de cajones de estacionamiento, limpieza del \u00e1rea exterior, cambio de accesorios de ba\u00f1o y reestructuraci\u00f3n para mejorar la imagen institucional. Tambi\u00e9n se procedi\u00f3 al retiro de unidades que no estaban en funcionamiento.<\/p>\n<p>El nuevo encargado de Seguridad P\u00fablica Municipal enfatiz\u00f3 que este es un trabajo conjunto con las diferentes \u00e1reas de la municipalidad. Estas acciones son solo el comienzo, ya que tambi\u00e9n se llevar\u00e1n a cabo cambios internos para acercarse a la ciudadan\u00eda y reorientar el enfoque hacia la empat\u00eda con la poblaci\u00f3n.<\/p>\n<p><a href=\"https:\/\/enconecte.com\/wp-content\/uploads\/2023\/08\/Imagen-de-WhatsApp-2023-08-04-a-las-16.20.39.jpg\"><img loading=\"lazy\" decoding=\"async\" class=\"alignnone size-full wp-image-22831\" src=\"https:\/\/enconecte.com\/wp-content\/uploads\/2023\/08\/Imagen-de-WhatsApp-2023-08-04-a-las-16.20.39.jpg\" alt=\"\" width=\"1599\" height=\"1066\" srcset=\"https:\/\/raicesjerezanas.com\/wp-content\/uploads\/2023\/08\/Imagen-de-WhatsApp-2023-08-04-a-las-16.20.39.jpg 1599w, https:\/\/raicesjerezanas.com\/wp-content\/uploads\/2023\/08\/Imagen-de-WhatsApp-2023-08-04-a-las-16.20.39-300x200.jpg 300w, https:\/\/raicesjerezanas.com\/wp-content\/uploads\/2023\/08\/Imagen-de-WhatsApp-2023-08-04-a-las-16.20.39-1024x683.jpg 1024w, https:\/\/raicesjerezanas.com\/wp-content\/uploads\/2023\/08\/Imagen-de-WhatsApp-2023-08-04-a-las-16.20.39-768x512.jpg 768w, https:\/\/raicesjerezanas.com\/wp-content\/uploads\/2023\/08\/Imagen-de-WhatsApp-2023-08-04-a-las-16.20.39-1536x1024.jpg 1536w\" sizes=\"auto, (max-width: 1599px) 100vw, 1599px\" \/><\/a><\/p>\n<p>Es importante destacar que estas acciones buscan garantizar el bienestar y la seguridad de todos los ciudadanos de Jerez, y se espera que con esta reestructuraci\u00f3n y mantenimiento se logre un servicio m\u00e1s eficiente y efectivo en materia de seguridad\u00a0p\u00fablica.<\/p>\n","protected":false},"excerpt":{"rendered":"<div class=\"mh-excerpt\"><p>Asume el deber nuevo encargado de la Direcci\u00f3n de Seguridad P\u00fablica Municipal. Jerez, Zac.-Con el objetivo principal de contribuir a la generaci\u00f3n y preservaci\u00f3n del <a class=\"mh-excerpt-more\" href=\"https:\/\/raicesjerezanas.com\/?p=22829\" title=\"SE REALIZA RESTRUCTURACI\u00d3N EN SEGURIDAD P\u00daBLICA MUNICIPAL EN JEREZ\">&#8230;<\/a><\/p>\n<\/div>","protected":false},"author":1,"featured_media":22830,"comment_status":"closed","ping_status":"closed","sticky":false,"template":"","format":"standard","meta":{"footnotes":""},"categories":[102],"tags":[],"class_list":["post-22829","post","type-post","status-publish","format-standard","has-post-thumbnail","hentry","category-noticias-de-jerez"],"_links":{"self":[{"href":"https:\/\/raicesjerezanas.com\/index.php?rest_route=\/wp\/v2\/posts\/22829","targetHints":{"allow":["GET"]}}],"collection":[{"href":"https:\/\/raicesjerezanas.com\/index.php?rest_route=\/wp\/v2\/posts"}],"about":[{"href":"https:\/\/raicesjerezanas.com\/index.php?rest_route=\/wp\/v2\/types\/post"}],"author":[{"embeddable":true,"href":"https:\/\/raicesjerezanas.com\/index.php?rest_route=\/wp\/v2\/users\/1"}],"replies":[{"embeddable":true,"href":"https:\/\/raicesjerezanas.com\/index.php?rest_route=%2Fwp%2Fv2%2Fcomments&post=22829"}],"version-history":[{"count":0,"href":"https:\/\/raicesjerezanas.com\/index.php?rest_route=\/wp\/v2\/posts\/22829\/revisions"}],"wp:featuredmedia":[{"embeddable":true,"href":"https:\/\/raicesjerezanas.com\/index.php?rest_route=\/wp\/v2\/media\/22830"}],"wp:attachment":[{"href":"https:\/\/raicesjerezanas.com\/index.php?rest_route=%2Fwp%2Fv2%2Fmedia&parent=22829"}],"wp:term":[{"taxonomy":"category","embeddable":true,"href":"https:\/\/raicesjerezanas.com\/index.php?rest_route=%2Fwp%2Fv2%2Fcategories&post=22829"},{"taxonomy":"post_tag","embeddable":true,"href":"https:\/\/raicesjerezanas.com\/index.php?rest_route=%2Fwp%2Fv2%2Ftags&post=22829"}],"curies":[{"name":"wp","href":"https:\/\/api.w.org\/{rel}","templated":true}]}}