{"id":22844,"date":"2023-07-29T20:12:24","date_gmt":"2023-07-30T02:12:24","guid":{"rendered":"https:\/\/enconecte.com\/?p=22844"},"modified":"2023-07-29T20:12:24","modified_gmt":"2023-07-30T02:12:24","slug":"con-un-cartel-para-todos-los-gustos-se-presenta-el-programa-artistico-de-la-feria-nacional-de-zacatecas-2023","status":"publish","type":"post","link":"https:\/\/raicesjerezanas.com\/?p=22844","title":{"rendered":"PROGRAMA ART\u00cdSTICO DE LA FERIA NACIONAL DE ZACATECAS 2023"},"content":{"rendered":"<h3 class=\"fusion-responsive-typography-calculated\" data-fontsize=\"32\" data-lineheight=\"41.6px\">Con un cartel para todos los gustos, se presenta el programa art\u00edstico de la Feria Nacional de Zacatecas 2023<\/h3>\n<p>&nbsp;<\/p>\n<ul>\n<li><b><i>Del 1 al 17 de septiembre, las y los zacatecanos, as\u00ed como visitantes de todo M\u00e9xico y el extranjero, vivir\u00e1n grandes momentos con la m\u00e1xima fiesta de esta entidad<\/i><\/b><\/li>\n<li><b><i>Entre los artistas se encuentran Pesado, Los Acosta, Kinki, Millonario, Conjunto Primavera, Enjambre, Pandora y Flans, Matute y Bronco<\/i><\/b><\/li>\n<li><b><i>Presentaron a las tres candidatas a reina: Daniela, Isabel y Laura<\/i><\/b><\/li>\n<li><b><i>Andr\u00e9s Carrillo Castillo fue el ganador del concurso del dise\u00f1o del cartel oficial\u00a0<\/i><\/b><\/li>\n<li><b><i>\u201cEstamos listos para sentirnos orgullosos de nuestras tradiciones, para vivir nuestra gastronom\u00eda y, juntos, reconstruir el tejido social y la paz\u201d: Le Roy Barrag\u00e1n, secretario de Turismo\u00a0<\/i><\/b><\/li>\n<\/ul>\n<p>&nbsp;<\/p>\n<p><b>Zacatecas, Zac, 28 de julio de 2023.-<\/b>\u00a0Con un cartel art\u00edstico para todos los gustos, este viernes fue presentado el programa de la Feria Nacional de Zacatecas (Fenaza) 2023, as\u00ed como las candidatas que buscar\u00e1n portar la corona de la reina de la m\u00e1xima festividad de este estado.<\/p>\n<p>&nbsp;<\/p>\n<p>Con la presentaci\u00f3n y pasarela de Daniela, Isabel y Laura como aspirantes al cetro, en representaci\u00f3n del Gobernador David Monreal \u00c1vila, Le Roy Barrag\u00e1n Ocampo, titular de la Secretar\u00eda de Turismo (Secturz), dio a conocer el programa art\u00edstico que, del 1 al 17 de septiembre, desde el Multiforo de la Fenaza, alegrar\u00e1 a esta entidad y a todo M\u00e9xico.<\/p>\n<p>&nbsp;<\/p>\n<p>Adem\u00e1s de actividades religiosas, deportivas, recreativas, art\u00edsticas, culturales, artesanales y de convivencia social, en el desarrollo de esta Feria Nacional de Zacatecas participar\u00e1 Tlaxcala como estado invitado, que mostrar\u00e1 su riqueza cultural en el recinto ubicado en el circuito de la colonia capitalina Tres Cruces.<\/p>\n<p>&nbsp;<\/p>\n<p>Con el respaldo de la Presidenta Honor\u00edfica del Sistema Estatal para el Desarrollo Integral de la Familia (SEDIF), Sara Hern\u00e1ndez de Monreal, en esta edici\u00f3n 2023 ser\u00e1 posible reunir a artistas locales, nacionales e internacionales, para que su m\u00fasica y manifestaciones art\u00edsticas sean disfrutadas por la gente de esta tierra, por migrantes y visitantes del pa\u00eds y el extranjero.<\/p>\n<p>&nbsp;<\/p>\n<p>Durante 17 d\u00edas de alegr\u00eda y sana convivencia, las y los zacatecanos y miles de visitantes del pa\u00eds y allende sus fronteras podr\u00e1n disfrutar la magna fiesta de este estado, que fue pensada para el disfrute de chicos y grandes, para la reconstrucci\u00f3n del tejido social y lograr el bienestar y progreso de las familias.<\/p>\n<p>&nbsp;<\/p>\n<p>Tras develarse el cartel oficial de la Fenaza 2023, autor\u00eda de Andr\u00e9s Carrillo Castillo, Yaseth Hern\u00e1ndez Huerta, coordinadora general de la Feria, dej\u00f3 en claro que esta festividad incluye a todos los sectores sociales y dese\u00f3 que las actividades sean del agrado de todas y todos, y que se disfruten en familia.<\/p>\n<p>&nbsp;<\/p>\n<p>Le Roy Barrag\u00e1n Ocampo, secretario de Turismo, asent\u00f3 que Zacatecas se viste de gala con la m\u00e1xima festividad del estado, que, con el respaldo del Gobernador David Monreal \u00c1vila, en esta ocasi\u00f3n, mostrar\u00e1 la riqueza cultural y la alegr\u00eda que caracteriza a la gente de esta tierra.<\/p>\n<p>&nbsp;<\/p>\n<p>Dio a conocer que, como un gran esfuerzo del Gobernador por garantizar la tranquilidad de quienes asistan a las instalaciones de la Fenaza y transiten por el estado, se reforzar\u00e1 el trabajo coordinado por parte de las corporaciones que integran la Mesa Estatal de Construcci\u00f3n de Paz, como son el Ej\u00e9rcito Mexicano, Guardia Nacional, Fuerzas de Reacci\u00f3n Inmediata de la Polic\u00eda Estatal Preventiva, entre otras m\u00e1s que dependen de la Secretar\u00eda de Seguridad P\u00fablica (SSP).<\/p>\n<p>&nbsp;<\/p>\n<p>Ante Miroslava, Reina de la Fenaza 2022, y V\u00edctor Humberto Delgado de la Torre, secretario general de la Fenaza 2023, hizo extensiva la invitaci\u00f3n para que todas y todos acudan a Zacatecas y disfruten lo mejor que tiene esta tierra, con espect\u00e1culos diversos y de calidad; \u201cestamos listos para sentirnos orgullosos de nuestras tradiciones, para vivir nuestra gastronom\u00eda y, juntos, reconstruir el tejido social, la paz y el progreso\u201d, expres\u00f3.<\/p>\n<p>&nbsp;<\/p>\n<p>Cartel art\u00edstico del Multiforo:<\/p>\n<p>&nbsp;<\/p>\n<p>Jueves 31 de agosto \u2013 Pablo Montero \u2013 Coronaci\u00f3n de la reina<\/p>\n<p>Viernes 1 de septiembre \u2013 Pesado<\/p>\n<p>S\u00e1bado 2 de septiembre \u2013 Kinki<\/p>\n<p>Domingo 3 de septiembre \u2013 Artista sorpresa<\/p>\n<p>Lunes 4 de septiembre \u2013 Millonario<\/p>\n<p>Martes 5 de septiembre \u2013 Mar\u00eda Jos\u00e9<\/p>\n<p>Mi\u00e9rcoles 6 de septiembre \u2013 Los Acosta<\/p>\n<p>Jueves 7 de septiembre \u2013 Banda Mach y Banda Maguey<\/p>\n<p>Viernes 8 de septiembre \u2013 Pandora y Flans<\/p>\n<p>S\u00e1bado 9 de septiembre \u2013 Los Reto\u00f1os del R\u00edo y Ra\u00fal Hern\u00e1ndez Jr.<\/p>\n<p>Domingo 10 de septiembre \u2013 Las Perdidas<\/p>\n<p>Lunes 11 de septiembre \u2013 Artista sorpresa<\/p>\n<p>Martes 12 de septiembre \u2013 Matute<\/p>\n<p>Mi\u00e9rcoles 13 de septiembre \u2013 Conjunto Primavera<\/p>\n<p>Jueves 14 de septiembre \u2013 Alexis Gonz\u00e1lez y La Fe Norte\u00f1a<\/p>\n<p>Viernes 15 de septiembre \u2013 Tlaxcala, estado invitado<\/p>\n<p>S\u00e1bado 16 de septiembre \u2013 Enjambre<\/p>\n<p>Domingo 17 de septiembre \u2013 Bronco<\/p>\n","protected":false},"excerpt":{"rendered":"<div class=\"mh-excerpt\"><p>Con un cartel para todos los gustos, se presenta el programa art\u00edstico de la Feria Nacional de Zacatecas 2023 &nbsp; Del 1 al 17 de <a class=\"mh-excerpt-more\" href=\"https:\/\/raicesjerezanas.com\/?p=22844\" title=\"PROGRAMA ART\u00cdSTICO DE LA FERIA NACIONAL DE ZACATECAS 2023\">&#8230;<\/a><\/p>\n<\/div>","protected":false},"author":1,"featured_media":22845,"comment_status":"closed","ping_status":"closed","sticky":false,"template":"","format":"standard","meta":{"footnotes":""},"categories":[102],"tags":[],"class_list":["post-22844","post","type-post","status-publish","format-standard","has-post-thumbnail","hentry","category-noticias-de-jerez"],"_links":{"self":[{"href":"https:\/\/raicesjerezanas.com\/index.php?rest_route=\/wp\/v2\/posts\/22844","targetHints":{"allow":["GET"]}}],"collection":[{"href":"https:\/\/raicesjerezanas.com\/index.php?rest_route=\/wp\/v2\/posts"}],"about":[{"href":"https:\/\/raicesjerezanas.com\/index.php?rest_route=\/wp\/v2\/types\/post"}],"author":[{"embeddable":true,"href":"https:\/\/raicesjerezanas.com\/index.php?rest_route=\/wp\/v2\/users\/1"}],"replies":[{"embeddable":true,"href":"https:\/\/raicesjerezanas.com\/index.php?rest_route=%2Fwp%2Fv2%2Fcomments&post=22844"}],"version-history":[{"count":0,"href":"https:\/\/raicesjerezanas.com\/index.php?rest_route=\/wp\/v2\/posts\/22844\/revisions"}],"wp:featuredmedia":[{"embeddable":true,"href":"https:\/\/raicesjerezanas.com\/index.php?rest_route=\/wp\/v2\/media\/22845"}],"wp:attachment":[{"href":"https:\/\/raicesjerezanas.com\/index.php?rest_route=%2Fwp%2Fv2%2Fmedia&parent=22844"}],"wp:term":[{"taxonomy":"category","embeddable":true,"href":"https:\/\/raicesjerezanas.com\/index.php?rest_route=%2Fwp%2Fv2%2Fcategories&post=22844"},{"taxonomy":"post_tag","embeddable":true,"href":"https:\/\/raicesjerezanas.com\/index.php?rest_route=%2Fwp%2Fv2%2Ftags&post=22844"}],"curies":[{"name":"wp","href":"https:\/\/api.w.org\/{rel}","templated":true}]}}