{"id":22870,"date":"2023-08-08T17:36:11","date_gmt":"2023-08-08T23:36:11","guid":{"rendered":"https:\/\/enconecte.com\/?p=22870"},"modified":"2023-08-08T17:36:11","modified_gmt":"2023-08-08T23:36:11","slug":"concluyen-curso-de-verano-mis-vacaciones-en-la-biblioteca-2023-en-jerez","status":"publish","type":"post","link":"https:\/\/raicesjerezanas.com\/?p=22870","title":{"rendered":"CONCLUYEN CURSO DE VERANO MIS VACACIONES EN LA BIBLIOTECA 2023 EN JEREZ"},"content":{"rendered":"<p>Cada verano, las bibliotecas de Jerez, que forman parte del gobierno municipal 2021-2024 y est\u00e1n coordinadas con la Direcci\u00f3n General de Bibliotecas del gobierno federal, abren sus puertas para recibir a los peque\u00f1os jerezanos con el objetivo de fomentar la lectura de manera creativa. Este verano de 2023 en Jerez no fue la excepci\u00f3n, y el mismo curso que se llev\u00f3 a cabo en las 11 bibliotecas concluy\u00f3 el viernes 4 de agosto, cumpliendo la meta establecida.<\/p>\n<p>Silvia Alcalde F\u00e9lix, coordinadora general de Bibliotecas en Jerez y responsable de la Biblioteca Modelo \u00abRam\u00f3n L\u00f3pez Velarde\u00bb, detall\u00f3 que el curso fue concluido con \u00e9xito. Un total de 90 ni\u00f1os, que era la meta establecida para esta biblioteca en particular, recibieron el curso, y alrededor de 250 ni\u00f1os asistieron a las 11 bibliotecas ubicadas en Jerez y las comunidades circundantes. Durante el curso, los ni\u00f1os participaron en actividades relacionadas con los temas \u00abPaleta de colores\u00bb, \u00abGariballezca\u00bb, \u00abParadero literario\u00bb, \u00abMelod\u00eda del cine\u00bb y \u00abLecciones de un grillo, dos lobos y m\u00e1s\u00bb. Estos j\u00f3venes asistieron durante dos semanas en horario de 10:00 a.m. a 1:00 p.m. El taller de verano se ofreci\u00f3 de manera gratuita y logr\u00f3 alcanzar sus objetivos num\u00e9ricos.<\/p>\n<p>Al finalizar el curso, el Lic. V\u00edctor Hu\u00edzar Iturriaga, director del Instituto Jerezano de Cultura (IJC), felicit\u00f3 a los ni\u00f1os y les agradeci\u00f3 su compromiso, as\u00ed como a sus padres por elegir participar en esta actividad. Se entregaron reconocimientos a los ni\u00f1os, quienes los recibieron con entusiasmo y nostalgia de manos de sus maestras, el titular del IJC y la responsable de las bibliotecas\u00a0municipales.<\/p>\n","protected":false},"excerpt":{"rendered":"<div class=\"mh-excerpt\"><p>Cada verano, las bibliotecas de Jerez, que forman parte del gobierno municipal 2021-2024 y est\u00e1n coordinadas con la Direcci\u00f3n General de Bibliotecas del gobierno federal, <a class=\"mh-excerpt-more\" href=\"https:\/\/raicesjerezanas.com\/?p=22870\" title=\"CONCLUYEN CURSO DE VERANO MIS VACACIONES EN LA BIBLIOTECA 2023 EN JEREZ\">&#8230;<\/a><\/p>\n<\/div>","protected":false},"author":1,"featured_media":22871,"comment_status":"closed","ping_status":"closed","sticky":false,"template":"","format":"standard","meta":{"footnotes":""},"categories":[102],"tags":[],"class_list":["post-22870","post","type-post","status-publish","format-standard","has-post-thumbnail","hentry","category-noticias-de-jerez"],"_links":{"self":[{"href":"https:\/\/raicesjerezanas.com\/index.php?rest_route=\/wp\/v2\/posts\/22870","targetHints":{"allow":["GET"]}}],"collection":[{"href":"https:\/\/raicesjerezanas.com\/index.php?rest_route=\/wp\/v2\/posts"}],"about":[{"href":"https:\/\/raicesjerezanas.com\/index.php?rest_route=\/wp\/v2\/types\/post"}],"author":[{"embeddable":true,"href":"https:\/\/raicesjerezanas.com\/index.php?rest_route=\/wp\/v2\/users\/1"}],"replies":[{"embeddable":true,"href":"https:\/\/raicesjerezanas.com\/index.php?rest_route=%2Fwp%2Fv2%2Fcomments&post=22870"}],"version-history":[{"count":0,"href":"https:\/\/raicesjerezanas.com\/index.php?rest_route=\/wp\/v2\/posts\/22870\/revisions"}],"wp:featuredmedia":[{"embeddable":true,"href":"https:\/\/raicesjerezanas.com\/index.php?rest_route=\/wp\/v2\/media\/22871"}],"wp:attachment":[{"href":"https:\/\/raicesjerezanas.com\/index.php?rest_route=%2Fwp%2Fv2%2Fmedia&parent=22870"}],"wp:term":[{"taxonomy":"category","embeddable":true,"href":"https:\/\/raicesjerezanas.com\/index.php?rest_route=%2Fwp%2Fv2%2Fcategories&post=22870"},{"taxonomy":"post_tag","embeddable":true,"href":"https:\/\/raicesjerezanas.com\/index.php?rest_route=%2Fwp%2Fv2%2Ftags&post=22870"}],"curies":[{"name":"wp","href":"https:\/\/api.w.org\/{rel}","templated":true}]}}