{"id":22873,"date":"2023-08-09T13:25:30","date_gmt":"2023-08-09T19:25:30","guid":{"rendered":"https:\/\/enconecte.com\/?p=22873"},"modified":"2023-08-09T13:25:30","modified_gmt":"2023-08-09T19:25:30","slug":"premian-a-ganadores-del-primer-concurso-juvenil-tiktok-2023-en-jerez","status":"publish","type":"post","link":"https:\/\/raicesjerezanas.com\/?p=22873","title":{"rendered":"PREMIAN A GANADORES DEL PRIMER CONCURSO JUVENIL TIKTOK 2023 EN JEREZ"},"content":{"rendered":"<p>A principios del mes pasado, el gobierno municipal 2021-2024, a trav\u00e9s de una iniciativa promovida por el Instituto Jerezano de la Juventud (INJJUNVE), lanz\u00f3 la convocatoria para el \u00abPrimer Concurso Juvenil de TikTok 2023\u00bb. El objetivo de esta convocatoria era aprovechar las ventajas de las redes sociales, fomentar la creatividad entre los j\u00f3venes y promover los atractivos tur\u00edsticos de este encantador pueblo m\u00e1gico. Se brind\u00f3 el tiempo necesario a los j\u00f3venes participantes para que pudieran elaborar, editar y publicar sus videos en TikTok. Posteriormente, los tres mejores videos del concurso fueron exhibidos y premiados en el foyer del Teatro Hinojosa.<\/p>\n<p>La titular del INJUVE, la Ingeniera Marlinet D\u00edaz Carillo, felicit\u00f3 a los habitantes de Jerez por sumarse a esta convocatoria e inst\u00f3 a que contin\u00faen enfocando sus energ\u00edas en actividades recreativas. A continuaci\u00f3n, el Licenciado Juan \u00c1vila, caricaturista, dise\u00f1ador gr\u00e1fico y tiktoker jerezano conocido como Jhon Mic, tom\u00f3 la palabra para explicar los criterios de evaluaci\u00f3n que se utilizaron para otorgar los premios. Estos criterios incluyeron aspectos como qu\u00e9 lugares visitar, d\u00f3nde hospedarse, qu\u00e9 actividades realizar, la comida t\u00edpica y los mejores sitios para tomar fotograf\u00edas, as\u00ed como la capacidad de captar la atenci\u00f3n del espectador.<\/p>\n<p>Frente a la audiencia, se proyectaron los tres mejores TikToks y el Ciudadano Luis Mario Mart\u00ednez, regidor comisionado de Juventud y Deporte, comparti\u00f3 su impresi\u00f3n de que estos videos logran transmitir el esp\u00edritu de Jerez, generando una conexi\u00f3n emocional con el espectador. Felicit\u00f3 a los j\u00f3venes creadores y los anim\u00f3 a seguir utilizando las redes sociales de manera positiva.<\/p>\n<p>Los ganadores de la convocatoria fueron los siguientes:<\/p>\n<p>Primer lugar: Junior David Murillo Ram\u00edrez, @rapmusical22.<br \/>\nSegundo lugar: Estefan\u00eda L\u00f3pez Murillo, @estefanialm.<br \/>\nTercer lugar: Cinthia Amy Borjon Castro, @nomadatravel.<\/p>\n<p><a href=\"https:\/\/enconecte.com\/wp-content\/uploads\/2023\/08\/Imagen-de-WhatsApp-2023-08-09-a-las-17.12.43.jpg\"><img loading=\"lazy\" decoding=\"async\" class=\"alignnone size-full wp-image-22875\" src=\"https:\/\/enconecte.com\/wp-content\/uploads\/2023\/08\/Imagen-de-WhatsApp-2023-08-09-a-las-17.12.43.jpg\" alt=\"\" width=\"1200\" height=\"800\" srcset=\"https:\/\/raicesjerezanas.com\/wp-content\/uploads\/2023\/08\/Imagen-de-WhatsApp-2023-08-09-a-las-17.12.43.jpg 1200w, https:\/\/raicesjerezanas.com\/wp-content\/uploads\/2023\/08\/Imagen-de-WhatsApp-2023-08-09-a-las-17.12.43-300x200.jpg 300w, https:\/\/raicesjerezanas.com\/wp-content\/uploads\/2023\/08\/Imagen-de-WhatsApp-2023-08-09-a-las-17.12.43-1024x683.jpg 1024w, https:\/\/raicesjerezanas.com\/wp-content\/uploads\/2023\/08\/Imagen-de-WhatsApp-2023-08-09-a-las-17.12.43-768x512.jpg 768w\" sizes=\"auto, (max-width: 1200px) 100vw, 1200px\" \/><\/a><\/p>\n<p>Los trabajos creativos de estos j\u00f3venes talentosos podr\u00e1n ser disfrutados en sus propias cuentas de redes sociales, as\u00ed como en las plataformas oficiales del INJJUVE y del H. Ayuntamiento 2021-2024. Durante el evento, se destac\u00f3 la presencia del Licenciado David Yosafat de la Torre, director de Desarrollo Econ\u00f3mico\u00a0y\u00a0Social.<\/p>\n","protected":false},"excerpt":{"rendered":"<div class=\"mh-excerpt\"><p>A principios del mes pasado, el gobierno municipal 2021-2024, a trav\u00e9s de una iniciativa promovida por el Instituto Jerezano de la Juventud (INJJUNVE), lanz\u00f3 la <a class=\"mh-excerpt-more\" href=\"https:\/\/raicesjerezanas.com\/?p=22873\" title=\"PREMIAN A GANADORES DEL PRIMER CONCURSO JUVENIL TIKTOK 2023 EN JEREZ\">&#8230;<\/a><\/p>\n<\/div>","protected":false},"author":1,"featured_media":22874,"comment_status":"closed","ping_status":"closed","sticky":false,"template":"","format":"standard","meta":{"footnotes":""},"categories":[102],"tags":[],"class_list":["post-22873","post","type-post","status-publish","format-standard","has-post-thumbnail","hentry","category-noticias-de-jerez"],"_links":{"self":[{"href":"https:\/\/raicesjerezanas.com\/index.php?rest_route=\/wp\/v2\/posts\/22873","targetHints":{"allow":["GET"]}}],"collection":[{"href":"https:\/\/raicesjerezanas.com\/index.php?rest_route=\/wp\/v2\/posts"}],"about":[{"href":"https:\/\/raicesjerezanas.com\/index.php?rest_route=\/wp\/v2\/types\/post"}],"author":[{"embeddable":true,"href":"https:\/\/raicesjerezanas.com\/index.php?rest_route=\/wp\/v2\/users\/1"}],"replies":[{"embeddable":true,"href":"https:\/\/raicesjerezanas.com\/index.php?rest_route=%2Fwp%2Fv2%2Fcomments&post=22873"}],"version-history":[{"count":0,"href":"https:\/\/raicesjerezanas.com\/index.php?rest_route=\/wp\/v2\/posts\/22873\/revisions"}],"wp:featuredmedia":[{"embeddable":true,"href":"https:\/\/raicesjerezanas.com\/index.php?rest_route=\/wp\/v2\/media\/22874"}],"wp:attachment":[{"href":"https:\/\/raicesjerezanas.com\/index.php?rest_route=%2Fwp%2Fv2%2Fmedia&parent=22873"}],"wp:term":[{"taxonomy":"category","embeddable":true,"href":"https:\/\/raicesjerezanas.com\/index.php?rest_route=%2Fwp%2Fv2%2Fcategories&post=22873"},{"taxonomy":"post_tag","embeddable":true,"href":"https:\/\/raicesjerezanas.com\/index.php?rest_route=%2Fwp%2Fv2%2Ftags&post=22873"}],"curies":[{"name":"wp","href":"https:\/\/api.w.org\/{rel}","templated":true}]}}