{"id":22877,"date":"2023-08-09T13:29:14","date_gmt":"2023-08-09T19:29:14","guid":{"rendered":"https:\/\/enconecte.com\/?p=22877"},"modified":"2023-08-09T13:29:14","modified_gmt":"2023-08-09T19:29:14","slug":"formalizan-la-creacion-de-redes-de-mujeres-constructoras-de-paz-en-la-region","status":"publish","type":"post","link":"https:\/\/raicesjerezanas.com\/?p=22877","title":{"rendered":"FORMALIZAN LA CREACI\u00d3N DE REDES DE MUJERES CONSTRUCTORAS DE PAZ EN LA REGI\u00d3N"},"content":{"rendered":"<ul>\n<li>El Secretario de Gobierno Rodrigo Reyes Mug\u00fcerza y el alcalde Humberto Salazar Contreras encabezaron el protocolo<\/li>\n<\/ul>\n<p>Encabezando junto al Secretario General de Gobierno, Rodrigo Reyes Mug\u00fcerza, la firma del convenio regional para la formaci\u00f3n de las Redes de Mujeres Constructoras de Paz (MCPAZ), el presidente Jos\u00e9 Humberto Salazar Contreras reconoci\u00f3 que la creaci\u00f3n de este mecanismo es un testimonio del enfoque progresista y visionario hacia la seguridad y equidad de g\u00e9nero en nuestra sociedad.<\/p>\n<p>Con la representaci\u00f3n del Gobernador del Estado, David Monreal \u00c1vila, Reyes Mug\u00fcerza destac\u00f3 que la presencia de los alcaldes en el acto es muestra de su compromiso por la paz. Reiter\u00f3 que el objetivo principal del ejecutivo es la construcci\u00f3n de la paz, as\u00ed como la coordinaci\u00f3n de los esfuerzos que se llevan a cabo en el estado con el fin de pacificar nuestra sociedad.<\/p>\n<p>Se\u00f1al\u00f3 que en esta tarea, el acercamiento a la poblaci\u00f3n es parte fundamental. Hacer lo que corresponde para fortalecer el v\u00ednculo entre la sociedad y las autoridades es esencial. Por lo tanto, estas redes de mujeres constructoras de paz buscan, en primer lugar, asegurar los derechos de las mujeres a una vida libre de violencia. Adem\u00e1s, afirm\u00f3 que esta organizaci\u00f3n debe ser acompa\u00f1ada por los esfuerzos del gobierno estatal y municipal.<\/p>\n<p>Adem\u00e1s del Secretario General de Gobierno, tambi\u00e9n firmaron el convenio la Secretaria de las Mujeres, Zaira Ivonne Villagrana Escare\u00f1o, el Secretario Ejecutivo del Sistema Estatal de Seguridad P\u00fablica, Manuel Eduardo Flores Sonduk, y Diana Saucedo Nava, Secretaria de Prevenci\u00f3n Social del Delito. Junto con ellos, los representantes de los municipios correspondientes a la Regi\u00f3n Sur Suroeste, como Monte Escobedo, Tepetongo, Susticac\u00e1n, Villanueva, Valpara\u00edso y Jerez, tambi\u00e9n firmaron el convenio.<\/p>\n<p>Flores Sonduk afirm\u00f3 que las Redes de Mujeres Constructoras de Paz son un programa de prioridad nacional y constituyen uno de los ejes transversales de la pol\u00edtica p\u00fablica en el gobierno de David Monreal \u00c1vila.<\/p>\n<p>Por su parte, Zaira Ivonne Villagrana Escare\u00f1o destac\u00f3 que la estrategia de las redes consiste en que todas ellas se organicen y unan esfuerzos para construir la paz y resolver los conflictos en el municipio, la comunidad o la colonia. Los objetivos incluyen la reconstrucci\u00f3n del tejido social, la prevenci\u00f3n de la violencia contra las mujeres, fomentar la participaci\u00f3n del sector femenino y fortalecer la solidaridad y el trabajo comunitario.<\/p>\n<p><a href=\"https:\/\/enconecte.com\/wp-content\/uploads\/2023\/08\/Imagen-de-WhatsApp-2023-08-09-a-las-17.40.04.jpg\"><img loading=\"lazy\" decoding=\"async\" class=\"alignnone size-full wp-image-22878\" src=\"https:\/\/enconecte.com\/wp-content\/uploads\/2023\/08\/Imagen-de-WhatsApp-2023-08-09-a-las-17.40.04.jpg\" alt=\"\" width=\"1600\" height=\"1066\" srcset=\"https:\/\/raicesjerezanas.com\/wp-content\/uploads\/2023\/08\/Imagen-de-WhatsApp-2023-08-09-a-las-17.40.04.jpg 1600w, https:\/\/raicesjerezanas.com\/wp-content\/uploads\/2023\/08\/Imagen-de-WhatsApp-2023-08-09-a-las-17.40.04-300x200.jpg 300w, https:\/\/raicesjerezanas.com\/wp-content\/uploads\/2023\/08\/Imagen-de-WhatsApp-2023-08-09-a-las-17.40.04-1024x682.jpg 1024w, https:\/\/raicesjerezanas.com\/wp-content\/uploads\/2023\/08\/Imagen-de-WhatsApp-2023-08-09-a-las-17.40.04-768x512.jpg 768w, https:\/\/raicesjerezanas.com\/wp-content\/uploads\/2023\/08\/Imagen-de-WhatsApp-2023-08-09-a-las-17.40.04-1536x1023.jpg 1536w\" sizes=\"auto, (max-width: 1600px) 100vw, 1600px\" \/><\/a><\/p>\n<p>En su calidad de presidente del Consejo Intermunicipal de Seguridad P\u00fablica de la Regi\u00f3n Sur Suroeste, el doctor Salazar subray\u00f3 que la creaci\u00f3n de esta red no solo es una oportunidad para fortalecer la lucha contra la violencia y la inseguridad, sino que tambi\u00e9n representa un paso importante hacia una sociedad en la que cada individuo, sin importar su g\u00e9nero, tenga igualdad de oportunidades y derechos. Enfatiz\u00f3 que \u00ablas mujeres no solo merecen estar presentes en la toma de decisiones, sino que su participaci\u00f3n activa es esencial para lograr resultados duraderos y genuinos\u00bb.<\/p>\n<p>En el evento estuvieron presentes los alcaldes de Susticac\u00e1n, Fabiola Rodr\u00edguez Sald\u00edvar; de Villanueva, Rogelio Gonz\u00e1lez \u00c1lvarez; y de Monte Escobedo, Manuel Acosta Galv\u00e1n. Tambi\u00e9n asistieron los Secretarios de Gobierno de Tepetongo y Valpara\u00edso, adem\u00e1s de s\u00edndicos, coordinadores de institutos de las mujeres y otros actores\u00a0sociales.<\/p>\n","protected":false},"excerpt":{"rendered":"<div class=\"mh-excerpt\"><p>El Secretario de Gobierno Rodrigo Reyes Mug\u00fcerza y el alcalde Humberto Salazar Contreras encabezaron el protocolo Encabezando junto al Secretario General de Gobierno, Rodrigo Reyes <a class=\"mh-excerpt-more\" href=\"https:\/\/raicesjerezanas.com\/?p=22877\" title=\"FORMALIZAN LA CREACI\u00d3N DE REDES DE MUJERES CONSTRUCTORAS DE PAZ EN LA REGI\u00d3N\">&#8230;<\/a><\/p>\n<\/div>","protected":false},"author":1,"featured_media":22879,"comment_status":"closed","ping_status":"closed","sticky":false,"template":"","format":"standard","meta":{"footnotes":""},"categories":[102],"tags":[],"class_list":["post-22877","post","type-post","status-publish","format-standard","has-post-thumbnail","hentry","category-noticias-de-jerez"],"_links":{"self":[{"href":"https:\/\/raicesjerezanas.com\/index.php?rest_route=\/wp\/v2\/posts\/22877","targetHints":{"allow":["GET"]}}],"collection":[{"href":"https:\/\/raicesjerezanas.com\/index.php?rest_route=\/wp\/v2\/posts"}],"about":[{"href":"https:\/\/raicesjerezanas.com\/index.php?rest_route=\/wp\/v2\/types\/post"}],"author":[{"embeddable":true,"href":"https:\/\/raicesjerezanas.com\/index.php?rest_route=\/wp\/v2\/users\/1"}],"replies":[{"embeddable":true,"href":"https:\/\/raicesjerezanas.com\/index.php?rest_route=%2Fwp%2Fv2%2Fcomments&post=22877"}],"version-history":[{"count":0,"href":"https:\/\/raicesjerezanas.com\/index.php?rest_route=\/wp\/v2\/posts\/22877\/revisions"}],"wp:featuredmedia":[{"embeddable":true,"href":"https:\/\/raicesjerezanas.com\/index.php?rest_route=\/wp\/v2\/media\/22879"}],"wp:attachment":[{"href":"https:\/\/raicesjerezanas.com\/index.php?rest_route=%2Fwp%2Fv2%2Fmedia&parent=22877"}],"wp:term":[{"taxonomy":"category","embeddable":true,"href":"https:\/\/raicesjerezanas.com\/index.php?rest_route=%2Fwp%2Fv2%2Fcategories&post=22877"},{"taxonomy":"post_tag","embeddable":true,"href":"https:\/\/raicesjerezanas.com\/index.php?rest_route=%2Fwp%2Fv2%2Ftags&post=22877"}],"curies":[{"name":"wp","href":"https:\/\/api.w.org\/{rel}","templated":true}]}}