{"id":22880,"date":"2023-08-09T13:43:38","date_gmt":"2023-08-09T19:43:38","guid":{"rendered":"https:\/\/enconecte.com\/?p=22880"},"modified":"2023-08-09T13:43:38","modified_gmt":"2023-08-09T19:43:38","slug":"agradece-la-comunidad-escolar-de-la-primaria-maximo-perez-torres-la-obra-del-cambio-de-techo","status":"publish","type":"post","link":"https:\/\/raicesjerezanas.com\/?p=22880","title":{"rendered":"AGRADECE LA COMUNIDAD ESCOLAR DE LA PRIMARIA M\u00c1XIMO P\u00c9REZ TORRES LA OBRA DEL CAMBIO DE TECHO"},"content":{"rendered":"<ul>\n<li>En la superficie anterior, se anidaban aves y bichos, adem\u00e1s del riesgo constante pues se mov\u00eda con el viento, se\u00f1al\u00f3 el director del plantel<\/li>\n<\/ul>\n<p>Mediante la reparaci\u00f3n integral de los techos en las aulas, la direcci\u00f3n y los sanitarios de la Escuela Primaria M\u00e1ximo P\u00e9rez Torres, el gobierno municipal resolver\u00e1 de ra\u00edz un problema antiguo que afectaba tanto a los alumnos como a los maestros, impidiendo un proceso educativo adecuado y exponi\u00e9ndolos a riesgos y problemas de salud.<\/p>\n<p>Durante la supervisi\u00f3n de la obra realizada por las autoridades municipales, el director del plantel, Mart\u00edn Reyna Sotelo, se\u00f1al\u00f3 que la parte superior del ala norte del edificio estaba en un estado de deterioro tal que permit\u00eda la presencia de aves, abejas e incluso ratones en los resquicios. Adem\u00e1s, las goteras causaban molestias y, con el viento, el techo se mov\u00eda notablemente, lo que junto con la acumulaci\u00f3n de polvo representaba un riesgo para la salud de los alumnos. El edificio en cuesti\u00f3n tiene m\u00e1s de 35 a\u00f1os de antig\u00fcedad en su parte original y el techo solo recib\u00eda el mantenimiento que la comunidad escolar pod\u00eda brindar con sus limitados recursos.<\/p>\n<p>Por esta raz\u00f3n, expres\u00f3 su agradecimiento al gobierno liderado por el doctor Jos\u00e9 Humberto Salazar Contreras, no solo por esta obra en particular, sino tambi\u00e9n por otros apoyos otorgados, como mejoras en los ba\u00f1os, la donaci\u00f3n de tinacos y la instalaci\u00f3n de una nueva toma de agua por parte del SIMAPAJ, lo que solucion\u00f3 el antiguo problema de escasez de agua que en varias ocasiones hab\u00eda llevado a suspender las clases para prevenir infecciones originadas en los sanitarios.<\/p>\n<p><a href=\"https:\/\/enconecte.com\/wp-content\/uploads\/2023\/08\/Imagen-de-WhatsApp-2023-08-09-a-las-20.02.23.jpg\"><img loading=\"lazy\" decoding=\"async\" class=\"alignnone size-full wp-image-22882\" src=\"https:\/\/enconecte.com\/wp-content\/uploads\/2023\/08\/Imagen-de-WhatsApp-2023-08-09-a-las-20.02.23.jpg\" alt=\"\" width=\"1599\" height=\"1066\" srcset=\"https:\/\/raicesjerezanas.com\/wp-content\/uploads\/2023\/08\/Imagen-de-WhatsApp-2023-08-09-a-las-20.02.23.jpg 1599w, https:\/\/raicesjerezanas.com\/wp-content\/uploads\/2023\/08\/Imagen-de-WhatsApp-2023-08-09-a-las-20.02.23-300x200.jpg 300w, https:\/\/raicesjerezanas.com\/wp-content\/uploads\/2023\/08\/Imagen-de-WhatsApp-2023-08-09-a-las-20.02.23-1024x683.jpg 1024w, https:\/\/raicesjerezanas.com\/wp-content\/uploads\/2023\/08\/Imagen-de-WhatsApp-2023-08-09-a-las-20.02.23-768x512.jpg 768w, https:\/\/raicesjerezanas.com\/wp-content\/uploads\/2023\/08\/Imagen-de-WhatsApp-2023-08-09-a-las-20.02.23-1536x1024.jpg 1536w\" sizes=\"auto, (max-width: 1599px) 100vw, 1599px\" \/><\/a><\/p>\n<p>El director destac\u00f3 que esta obra beneficiar\u00e1 directamente a 320 personas, entre alumnos y personal educativo, y tendr\u00e1 un impacto positivo en padres de familia y futuros estudiantes, ya que la durabilidad del material utilizado asegura que la obra tendr\u00e1 una vida \u00fatil de al menos 50 a\u00f1os, e incluso m\u00e1s si se realiza el mantenimiento adecuado. Este enfoque en las zonas perif\u00e9ricas es un paso magn\u00edfico, ya que rara vez las autoridades prestan atenci\u00f3n a estas \u00e1reas, afirm\u00f3.<\/p>\n<p>Seg\u00fan la explicaci\u00f3n proporcionada por el director de Obras y Servicios P\u00fablicos, Alfredo Mar\u00edn Luna, el proyecto consiste en retirar la superficie anterior, tarea que ya se ha completado. Actualmente se est\u00e1 llevando a cabo el mantenimiento de la estructura, limpieza y pintura, incluyendo puertas, ventanas y protecciones. Finalmente, se instalar\u00e1n 215 metros de nuevo techo con un material moderno que permitir\u00e1 a los alumnos disfrutar de espacios de mayor calidad, seg\u00fan se\u00f1al\u00f3 el funcionario.<\/p>\n<p>En el recorrido estuvieron presentes los regidores Elizabeth Murillo Guerrero y Enrique Saucedo Moreno, el director de Desarrollo Econ\u00f3mico y Social, David Josafat de la Torre Pinedo, el director de SIMAPAJ, Marco Antonio Valenzuela Esquivel, Gustavo Barajas Garay, subdirector de Obras P\u00fablicas, Cristina Cuevas Soriano, presidenta de la Asociaci\u00f3n de Padres de Familia, Susana Ure\u00f1o Garc\u00eda, vicepresidenta, y Norma Alicia Herrera R\u00edos, presidenta del\u00a0comit\u00e9\u00a0de\u00a0obra.<\/p>\n","protected":false},"excerpt":{"rendered":"<div class=\"mh-excerpt\"><p>En la superficie anterior, se anidaban aves y bichos, adem\u00e1s del riesgo constante pues se mov\u00eda con el viento, se\u00f1al\u00f3 el director del plantel Mediante <a class=\"mh-excerpt-more\" href=\"https:\/\/raicesjerezanas.com\/?p=22880\" title=\"AGRADECE LA COMUNIDAD ESCOLAR DE LA PRIMARIA M\u00c1XIMO P\u00c9REZ TORRES LA OBRA DEL CAMBIO DE TECHO\">&#8230;<\/a><\/p>\n<\/div>","protected":false},"author":1,"featured_media":22881,"comment_status":"closed","ping_status":"closed","sticky":false,"template":"","format":"standard","meta":{"footnotes":""},"categories":[102],"tags":[],"class_list":["post-22880","post","type-post","status-publish","format-standard","has-post-thumbnail","hentry","category-noticias-de-jerez"],"_links":{"self":[{"href":"https:\/\/raicesjerezanas.com\/index.php?rest_route=\/wp\/v2\/posts\/22880","targetHints":{"allow":["GET"]}}],"collection":[{"href":"https:\/\/raicesjerezanas.com\/index.php?rest_route=\/wp\/v2\/posts"}],"about":[{"href":"https:\/\/raicesjerezanas.com\/index.php?rest_route=\/wp\/v2\/types\/post"}],"author":[{"embeddable":true,"href":"https:\/\/raicesjerezanas.com\/index.php?rest_route=\/wp\/v2\/users\/1"}],"replies":[{"embeddable":true,"href":"https:\/\/raicesjerezanas.com\/index.php?rest_route=%2Fwp%2Fv2%2Fcomments&post=22880"}],"version-history":[{"count":0,"href":"https:\/\/raicesjerezanas.com\/index.php?rest_route=\/wp\/v2\/posts\/22880\/revisions"}],"wp:featuredmedia":[{"embeddable":true,"href":"https:\/\/raicesjerezanas.com\/index.php?rest_route=\/wp\/v2\/media\/22881"}],"wp:attachment":[{"href":"https:\/\/raicesjerezanas.com\/index.php?rest_route=%2Fwp%2Fv2%2Fmedia&parent=22880"}],"wp:term":[{"taxonomy":"category","embeddable":true,"href":"https:\/\/raicesjerezanas.com\/index.php?rest_route=%2Fwp%2Fv2%2Fcategories&post=22880"},{"taxonomy":"post_tag","embeddable":true,"href":"https:\/\/raicesjerezanas.com\/index.php?rest_route=%2Fwp%2Fv2%2Ftags&post=22880"}],"curies":[{"name":"wp","href":"https:\/\/api.w.org\/{rel}","templated":true}]}}