{"id":22883,"date":"2023-08-09T13:45:25","date_gmt":"2023-08-09T19:45:25","guid":{"rendered":"https:\/\/enconecte.com\/?p=22883"},"modified":"2023-08-09T13:45:25","modified_gmt":"2023-08-09T19:45:25","slug":"jerez-sera-sede-de-la-copa-estatal-de-ciclismo-y-short-track","status":"publish","type":"post","link":"https:\/\/raicesjerezanas.com\/?p=22883","title":{"rendered":"JEREZ SER\u00c1 SEDE DE LA COPA ESTATAL DE CICLISMO Y SHORT TRACK"},"content":{"rendered":"<ul>\n<li>Se proyecta la asistencia de 300 a 500 ciclistas.<\/li>\n<\/ul>\n<p>Jerez, Zac.- A trav\u00e9s de una conferencia de prensa, la administraci\u00f3n municipal 2021-2024, en colaboraci\u00f3n con la Asociaci\u00f3n de Ciclismo del Estado de Zacatecas, y bajo la coordinaci\u00f3n Municipal del Deporte, ha anunciado que Jerez ser\u00e1 la sede de dos eventos de gran relevancia: el Short Track MTB el 26 de agosto y el Campeonato Estatal de Ciclismo MTB, que marcar\u00e1 la sexta y \u00faltima fecha de la COPEZAC 2023, programada para el 27 de agosto. Ambos eventos han sido catalogados como eventos de Clase 1 Nacional.<\/p>\n<p>Fabi\u00e1n Alan\u00eds Hern\u00e1ndez, presidente de la Asociaci\u00f3n de Ciclismo del Estado, subray\u00f3 la trascendencia de estos encuentros deportivos. La sexta y final de la Copa Estatal de MTB tendr\u00e1 lugar en el coraz\u00f3n de Jerez, y se llevar\u00e1 a cabo el 26 de este mes. El evento incluir\u00e1 alrededor de 12 categor\u00edas. Adicionalmente, como parte de las actividades de esta sexta fecha, el 27 de agosto se llevar\u00e1 a cabo la modalidad de Crosscountry en una pista ubicada en el lienzo charro \u201cLos Caballeros\u201d en Tetillas. Esta competencia se desarrollar\u00e1 en un circuito de 4 km en terreno monta\u00f1oso, y abarcar\u00e1 alrededor de 30 categor\u00edas. Los premios en efectivo suman un total de $48,000.00, adem\u00e1s de la entrega de jerseys exclusivos a los ganadores. Cabe destacar que esta copa cuenta con el aval de la Federaci\u00f3n Mexicana de Ciclismo y la Comisi\u00f3n Nacional del Deporte.<\/p>\n<p>El Prof. Armando Qui\u00f1ones, coordinador del Deporte, expres\u00f3 su agradecimiento por la colaboraci\u00f3n con la Asociaci\u00f3n Estatal de Ciclismo para la realizaci\u00f3n de estos eventos. Tambi\u00e9n extendi\u00f3 una invitaci\u00f3n a los comerciantes para que participen y ofrezcan sus productos durante los eventos. Adem\u00e1s, mencion\u00f3 que se contar\u00e1 con apoyo de seguridad y vigilancia por parte de autoridades estatales, federales y municipales.<\/p>\n<p>Durante la conferencia de prensa, estuvieron presentes \u00c1ngela Cabera, presidenta del comit\u00e9 organizador; Genaro P\u00e9rez, joven corredor internacional jerezano; Elvia Karina Ortiz Pichardo, entrenadora; Lic. David Yosafat de la Torre, director de Desarrollo Econ\u00f3mico; y C. Luis Mario Mart\u00ednez,\u00a0regidor.<\/p>\n<p><a href=\"https:\/\/enconecte.com\/wp-content\/uploads\/2023\/08\/Imagen-de-WhatsApp-2023-0f8-09-a-las-20.41.54.jpg\"><img loading=\"lazy\" decoding=\"async\" class=\"alignnone size-full wp-image-22885\" src=\"https:\/\/enconecte.com\/wp-content\/uploads\/2023\/08\/Imagen-de-WhatsApp-2023-0f8-09-a-las-20.41.54.jpg\" alt=\"\" width=\"1080\" height=\"1398\" srcset=\"https:\/\/raicesjerezanas.com\/wp-content\/uploads\/2023\/08\/Imagen-de-WhatsApp-2023-0f8-09-a-las-20.41.54.jpg 1080w, https:\/\/raicesjerezanas.com\/wp-content\/uploads\/2023\/08\/Imagen-de-WhatsApp-2023-0f8-09-a-las-20.41.54-232x300.jpg 232w, https:\/\/raicesjerezanas.com\/wp-content\/uploads\/2023\/08\/Imagen-de-WhatsApp-2023-0f8-09-a-las-20.41.54-791x1024.jpg 791w, https:\/\/raicesjerezanas.com\/wp-content\/uploads\/2023\/08\/Imagen-de-WhatsApp-2023-0f8-09-a-las-20.41.54-768x994.jpg 768w\" sizes=\"auto, (max-width: 1080px) 100vw, 1080px\" \/><\/a><\/p>\n","protected":false},"excerpt":{"rendered":"<div class=\"mh-excerpt\"><p>Se proyecta la asistencia de 300 a 500 ciclistas. Jerez, Zac.- A trav\u00e9s de una conferencia de prensa, la administraci\u00f3n municipal 2021-2024, en colaboraci\u00f3n con <a class=\"mh-excerpt-more\" href=\"https:\/\/raicesjerezanas.com\/?p=22883\" title=\"JEREZ SER\u00c1 SEDE DE LA COPA ESTATAL DE CICLISMO Y SHORT TRACK\">&#8230;<\/a><\/p>\n<\/div>","protected":false},"author":1,"featured_media":22884,"comment_status":"closed","ping_status":"closed","sticky":false,"template":"","format":"standard","meta":{"footnotes":""},"categories":[102],"tags":[],"class_list":["post-22883","post","type-post","status-publish","format-standard","has-post-thumbnail","hentry","category-noticias-de-jerez"],"_links":{"self":[{"href":"https:\/\/raicesjerezanas.com\/index.php?rest_route=\/wp\/v2\/posts\/22883","targetHints":{"allow":["GET"]}}],"collection":[{"href":"https:\/\/raicesjerezanas.com\/index.php?rest_route=\/wp\/v2\/posts"}],"about":[{"href":"https:\/\/raicesjerezanas.com\/index.php?rest_route=\/wp\/v2\/types\/post"}],"author":[{"embeddable":true,"href":"https:\/\/raicesjerezanas.com\/index.php?rest_route=\/wp\/v2\/users\/1"}],"replies":[{"embeddable":true,"href":"https:\/\/raicesjerezanas.com\/index.php?rest_route=%2Fwp%2Fv2%2Fcomments&post=22883"}],"version-history":[{"count":0,"href":"https:\/\/raicesjerezanas.com\/index.php?rest_route=\/wp\/v2\/posts\/22883\/revisions"}],"wp:featuredmedia":[{"embeddable":true,"href":"https:\/\/raicesjerezanas.com\/index.php?rest_route=\/wp\/v2\/media\/22884"}],"wp:attachment":[{"href":"https:\/\/raicesjerezanas.com\/index.php?rest_route=%2Fwp%2Fv2%2Fmedia&parent=22883"}],"wp:term":[{"taxonomy":"category","embeddable":true,"href":"https:\/\/raicesjerezanas.com\/index.php?rest_route=%2Fwp%2Fv2%2Fcategories&post=22883"},{"taxonomy":"post_tag","embeddable":true,"href":"https:\/\/raicesjerezanas.com\/index.php?rest_route=%2Fwp%2Fv2%2Ftags&post=22883"}],"curies":[{"name":"wp","href":"https:\/\/api.w.org\/{rel}","templated":true}]}}