{"id":22886,"date":"2023-08-10T13:46:19","date_gmt":"2023-08-10T19:46:19","guid":{"rendered":"https:\/\/enconecte.com\/?p=22886"},"modified":"2023-08-10T13:46:19","modified_gmt":"2023-08-10T19:46:19","slug":"llega-la-pavimentacion-al-fraccionamiento-jardines-de-la-victoria","status":"publish","type":"post","link":"https:\/\/raicesjerezanas.com\/?p=22886","title":{"rendered":"LLEGA LA PAVIMENTACI\u00d3N AL FRACCIONAMIENTO JARDINES DE LA VICTORIA"},"content":{"rendered":"<ul>\n<li>Los vecinos se sent\u00edan olvidados de las autoridades, pues hace 25 a\u00f1os no se realizaba una acci\u00f3n de gobierno de esta magnitud, asegur\u00f3 el delegado municipal<\/li>\n<\/ul>\n<p>El Ayuntamiento 2021-2024 ha iniciado el proceso de pavimentaci\u00f3n de la calle Alondra en el Fraccionamiento Jardines de la Victoria, una de las zonas m\u00e1s distantes dentro del \u00e1rea urbana. Este fraccionamiento est\u00e1 ubicado en el lado norte de la ciudad, en la terracer\u00eda que conduce a la comunidad de El Durazno.<\/p>\n<p>Durante el evento que marc\u00f3 el inicio de esta obra, el alcalde Jos\u00e9 Humberto Salazar Contreras expres\u00f3 su compromiso de dirigir la atenci\u00f3n de su administraci\u00f3n hacia las \u00e1reas hist\u00f3ricamente olvidadas, como las colonias y comunidades m\u00e1s apartadas. En sus palabras dirigidas a los residentes locales, resalt\u00f3 que los servicios p\u00fablicos est\u00e1n destinados para todos y asegur\u00f3 que pronto contar\u00e1n con una calle digna.<\/p>\n<p>El doctor Salazar supervis\u00f3 personalmente el progreso de la obra, en compa\u00f1\u00eda de los regidores Elizabeth Murillo Guerrero y Enrique Saucedo Moreno. Tambi\u00e9n estuvieron presentes los directores de Obras P\u00fablicas, Alfredo Mar\u00edn Luna; de Desarrollo Econ\u00f3mico y Social, David Josafat de la Torre Pinedo; y del SIMAPAJ, Marco Antonio Valenzuela Esquivel. Adem\u00e1s, se cont\u00f3 con la presencia del subdirector de Obras P\u00fablicas, Gustavo Barajas Garay; el delegado de la colonia, Jorge Gonz\u00e1lez; y la tesorera del comit\u00e9 de obra, Mar\u00eda Isela de Santiago.<\/p>\n<p><a href=\"https:\/\/enconecte.com\/wp-content\/uploads\/2023\/08\/Imagen-de-WhatsApp-2023-08-10-a-las-1d4.59.59.jpg\"><img loading=\"lazy\" decoding=\"async\" class=\"alignnone size-full wp-image-22888\" src=\"https:\/\/enconecte.com\/wp-content\/uploads\/2023\/08\/Imagen-de-WhatsApp-2023-08-10-a-las-1d4.59.59.jpg\" alt=\"\" width=\"1599\" height=\"1066\" srcset=\"https:\/\/raicesjerezanas.com\/wp-content\/uploads\/2023\/08\/Imagen-de-WhatsApp-2023-08-10-a-las-1d4.59.59.jpg 1599w, https:\/\/raicesjerezanas.com\/wp-content\/uploads\/2023\/08\/Imagen-de-WhatsApp-2023-08-10-a-las-1d4.59.59-300x200.jpg 300w, https:\/\/raicesjerezanas.com\/wp-content\/uploads\/2023\/08\/Imagen-de-WhatsApp-2023-08-10-a-las-1d4.59.59-1024x683.jpg 1024w, https:\/\/raicesjerezanas.com\/wp-content\/uploads\/2023\/08\/Imagen-de-WhatsApp-2023-08-10-a-las-1d4.59.59-768x512.jpg 768w, https:\/\/raicesjerezanas.com\/wp-content\/uploads\/2023\/08\/Imagen-de-WhatsApp-2023-08-10-a-las-1d4.59.59-1536x1024.jpg 1536w\" sizes=\"auto, (max-width: 1599px) 100vw, 1599px\" \/><\/a><\/p>\n<p>El director de Obras y Servicios P\u00fablicos inform\u00f3 que este proyecto est\u00e1 siendo financiado con recursos provenientes del programa de Regularizaci\u00f3n de Veh\u00edculos. La obra en s\u00ed comprender\u00e1 la colocaci\u00f3n de 146 metros cuadrados de pavimento, 255 metros lineales de guarniciones y 270 metros de banquetas. Anteriormente, a trav\u00e9s del fondo tres, se realiz\u00f3 la sustituci\u00f3n de la tuber\u00eda de agua potable y drenaje, asegurando que la calle tuviera la infraestructura necesaria para ser pavimentada.<\/p>\n<p>En representaci\u00f3n de los beneficiarios, el delegado del fraccionamiento expres\u00f3 su agradecimiento al presidente Jos\u00e9 Humberto Salazar Contreras por llevar a cabo esta obra. Hizo hincapi\u00e9 en que a pesar de ser el primer fraccionamiento popular en el municipio, hab\u00edan transcurrido m\u00e1s de 25 a\u00f1os desde la \u00faltima vez que se llev\u00f3 a cabo una acci\u00f3n de gobierno de tal envergadura. Sin duda, esta iniciativa tendr\u00e1 un impacto significativo en las condiciones de vida de todos\u00a0los\u00a0residentes.<\/p>\n","protected":false},"excerpt":{"rendered":"<div class=\"mh-excerpt\"><p>Los vecinos se sent\u00edan olvidados de las autoridades, pues hace 25 a\u00f1os no se realizaba una acci\u00f3n de gobierno de esta magnitud, asegur\u00f3 el delegado <a class=\"mh-excerpt-more\" href=\"https:\/\/raicesjerezanas.com\/?p=22886\" title=\"LLEGA LA PAVIMENTACI\u00d3N AL FRACCIONAMIENTO JARDINES DE LA VICTORIA\">&#8230;<\/a><\/p>\n<\/div>","protected":false},"author":1,"featured_media":22887,"comment_status":"closed","ping_status":"closed","sticky":false,"template":"","format":"standard","meta":{"footnotes":""},"categories":[102],"tags":[],"class_list":["post-22886","post","type-post","status-publish","format-standard","has-post-thumbnail","hentry","category-noticias-de-jerez"],"_links":{"self":[{"href":"https:\/\/raicesjerezanas.com\/index.php?rest_route=\/wp\/v2\/posts\/22886","targetHints":{"allow":["GET"]}}],"collection":[{"href":"https:\/\/raicesjerezanas.com\/index.php?rest_route=\/wp\/v2\/posts"}],"about":[{"href":"https:\/\/raicesjerezanas.com\/index.php?rest_route=\/wp\/v2\/types\/post"}],"author":[{"embeddable":true,"href":"https:\/\/raicesjerezanas.com\/index.php?rest_route=\/wp\/v2\/users\/1"}],"replies":[{"embeddable":true,"href":"https:\/\/raicesjerezanas.com\/index.php?rest_route=%2Fwp%2Fv2%2Fcomments&post=22886"}],"version-history":[{"count":0,"href":"https:\/\/raicesjerezanas.com\/index.php?rest_route=\/wp\/v2\/posts\/22886\/revisions"}],"wp:featuredmedia":[{"embeddable":true,"href":"https:\/\/raicesjerezanas.com\/index.php?rest_route=\/wp\/v2\/media\/22887"}],"wp:attachment":[{"href":"https:\/\/raicesjerezanas.com\/index.php?rest_route=%2Fwp%2Fv2%2Fmedia&parent=22886"}],"wp:term":[{"taxonomy":"category","embeddable":true,"href":"https:\/\/raicesjerezanas.com\/index.php?rest_route=%2Fwp%2Fv2%2Fcategories&post=22886"},{"taxonomy":"post_tag","embeddable":true,"href":"https:\/\/raicesjerezanas.com\/index.php?rest_route=%2Fwp%2Fv2%2Ftags&post=22886"}],"curies":[{"name":"wp","href":"https:\/\/api.w.org\/{rel}","templated":true}]}}