{"id":22891,"date":"2023-08-10T13:47:23","date_gmt":"2023-08-10T19:47:23","guid":{"rendered":"https:\/\/enconecte.com\/?p=22891"},"modified":"2023-08-10T13:47:23","modified_gmt":"2023-08-10T19:47:23","slug":"inician-nueva-obra-de-electrificacion-en-el-fraccionamiento-suave-patria","status":"publish","type":"post","link":"https:\/\/raicesjerezanas.com\/?p=22891","title":{"rendered":"INICIAN NUEVA OBRA DE ELECTRIFICACI\u00d3N EN EL FRACCIONAMIENTO SUAVE PATRIA"},"content":{"rendered":"<p><strong>El gobierno municipal busca abatir el rezago de los servicios prioritarios en las colonias mas alejadas<\/strong><\/p>\n<p>El gobierno municipal de Jerez contin\u00faa impulsando el desarrollo en las colonias m\u00e1s distantes de la zona urbana. El alcalde, Jos\u00e9 Humberto Salazar Contreras, encabez\u00f3 el inicio de la obra de ampliaci\u00f3n de la red el\u00e9ctrica en la calle del Reloj del Fraccionamiento Suave Patria. Esta \u00e1rea ha enfrentado durante a\u00f1os una carencia en la provisi\u00f3n de servicios esenciales, los cuales est\u00e1n siendo abordados por esta administraci\u00f3n municipal.<\/p>\n<p>El proyecto abarca una extensi\u00f3n de 150 metros lineales. La empresa contratista ha iniciado la instalaci\u00f3n de siete postes equipados con l\u00e1mparas de cincuenta watts. Esta infraestructura permitir\u00e1 conectar las viviendas a la red el\u00e9ctrica, beneficiando no solo a la calle del Reloj, sino tambi\u00e9n a calles cercanas. Adem\u00e1s, la mejora en la iluminaci\u00f3n resultante de esta obra contribuir\u00e1 a crear espacios m\u00e1s seguros, facilitando el tr\u00e1nsito de los vecinos.<\/p>\n<p>El presidente expres\u00f3 su satisfacci\u00f3n por poder acercar los servicios p\u00fablicos, como en este caso la electrificaci\u00f3n, y por brindar atenci\u00f3n a los sectores m\u00e1s vulnerables en colonias y comunidades apartadas. Reafirm\u00f3 su compromiso de priorizar las necesidades de las personas con menos recursos.<\/p>\n<p><a href=\"https:\/\/enconecte.com\/wp-content\/uploads\/2023\/08\/Imagen-de-WhatsApp-2023-08-10-a-las-20.17.2s3.jpg\"><img loading=\"lazy\" decoding=\"async\" class=\"alignnone size-full wp-image-22890\" src=\"https:\/\/enconecte.com\/wp-content\/uploads\/2023\/08\/Imagen-de-WhatsApp-2023-08-10-a-las-20.17.2s3.jpg\" alt=\"\" width=\"1599\" height=\"1066\" srcset=\"https:\/\/raicesjerezanas.com\/wp-content\/uploads\/2023\/08\/Imagen-de-WhatsApp-2023-08-10-a-las-20.17.2s3.jpg 1599w, https:\/\/raicesjerezanas.com\/wp-content\/uploads\/2023\/08\/Imagen-de-WhatsApp-2023-08-10-a-las-20.17.2s3-300x200.jpg 300w, https:\/\/raicesjerezanas.com\/wp-content\/uploads\/2023\/08\/Imagen-de-WhatsApp-2023-08-10-a-las-20.17.2s3-1024x683.jpg 1024w, https:\/\/raicesjerezanas.com\/wp-content\/uploads\/2023\/08\/Imagen-de-WhatsApp-2023-08-10-a-las-20.17.2s3-768x512.jpg 768w, https:\/\/raicesjerezanas.com\/wp-content\/uploads\/2023\/08\/Imagen-de-WhatsApp-2023-08-10-a-las-20.17.2s3-1536x1024.jpg 1536w\" sizes=\"auto, (max-width: 1599px) 100vw, 1599px\" \/><\/a><\/p>\n<p>Durante el evento, el doctor Salazar estuvo acompa\u00f1ado por los regidores Elizabeth Murillo Guerrero y Enrique Saucedo Moreno, as\u00ed como por los directores de Obras y Servicios P\u00fablicos Municipales Alfredo Mar\u00edn Luna y David Josafat de la Torre Pinedo (de Desarrollo Econ\u00f3mico y Social). Tambi\u00e9n estuvieron presentes el subdirector de Obras P\u00fablicas, Gustavo Barajas Garay, junto con Hortensia del Villar y Martha Ver\u00f3nica Y\u00e1nez, en representaci\u00f3n de los\u00a0beneficiarios.<\/p>\n","protected":false},"excerpt":{"rendered":"<div class=\"mh-excerpt\"><p>El gobierno municipal busca abatir el rezago de los servicios prioritarios en las colonias mas alejadas El gobierno municipal de Jerez contin\u00faa impulsando el desarrollo <a class=\"mh-excerpt-more\" href=\"https:\/\/raicesjerezanas.com\/?p=22891\" title=\"INICIAN NUEVA OBRA DE ELECTRIFICACI\u00d3N EN EL FRACCIONAMIENTO SUAVE PATRIA\">&#8230;<\/a><\/p>\n<\/div>","protected":false},"author":1,"featured_media":22889,"comment_status":"closed","ping_status":"closed","sticky":false,"template":"","format":"standard","meta":{"footnotes":""},"categories":[102],"tags":[],"class_list":["post-22891","post","type-post","status-publish","format-standard","has-post-thumbnail","hentry","category-noticias-de-jerez"],"_links":{"self":[{"href":"https:\/\/raicesjerezanas.com\/index.php?rest_route=\/wp\/v2\/posts\/22891","targetHints":{"allow":["GET"]}}],"collection":[{"href":"https:\/\/raicesjerezanas.com\/index.php?rest_route=\/wp\/v2\/posts"}],"about":[{"href":"https:\/\/raicesjerezanas.com\/index.php?rest_route=\/wp\/v2\/types\/post"}],"author":[{"embeddable":true,"href":"https:\/\/raicesjerezanas.com\/index.php?rest_route=\/wp\/v2\/users\/1"}],"replies":[{"embeddable":true,"href":"https:\/\/raicesjerezanas.com\/index.php?rest_route=%2Fwp%2Fv2%2Fcomments&post=22891"}],"version-history":[{"count":0,"href":"https:\/\/raicesjerezanas.com\/index.php?rest_route=\/wp\/v2\/posts\/22891\/revisions"}],"wp:featuredmedia":[{"embeddable":true,"href":"https:\/\/raicesjerezanas.com\/index.php?rest_route=\/wp\/v2\/media\/22889"}],"wp:attachment":[{"href":"https:\/\/raicesjerezanas.com\/index.php?rest_route=%2Fwp%2Fv2%2Fmedia&parent=22891"}],"wp:term":[{"taxonomy":"category","embeddable":true,"href":"https:\/\/raicesjerezanas.com\/index.php?rest_route=%2Fwp%2Fv2%2Fcategories&post=22891"},{"taxonomy":"post_tag","embeddable":true,"href":"https:\/\/raicesjerezanas.com\/index.php?rest_route=%2Fwp%2Fv2%2Ftags&post=22891"}],"curies":[{"name":"wp","href":"https:\/\/api.w.org\/{rel}","templated":true}]}}