{"id":22892,"date":"2023-08-10T13:48:09","date_gmt":"2023-08-10T19:48:09","guid":{"rendered":"https:\/\/enconecte.com\/?p=22892"},"modified":"2023-08-10T13:48:09","modified_gmt":"2023-08-10T19:48:09","slug":"designa-el-cabildo-de-jerez-al-nuevo-director-de-seguridad-publica","status":"publish","type":"post","link":"https:\/\/raicesjerezanas.com\/?p=22892","title":{"rendered":"DESIGNA EL CABILDO DE JEREZ AL NUEVO DIRECTOR DE SEGURIDAD P\u00daBLICA"},"content":{"rendered":"<p>El Ayuntamiento 2021-2024, design\u00f3 a Jos\u00e9 Alberto P\u00e9rez Rivera como nuevo director de Seguridad P\u00fablica de Jerez, durante la sesi\u00f3n ordinaria de Cabildo, en la que el alcalde Jos\u00e9 Humberto Salazar Contreras, en base a las facultades que le otorga la Ley, present\u00f3 la terna respectiva.<\/p>\n<p>Durante el punto de Asuntos del Presidente y una vez que se puso la propuesta sobre la mesa y se desarroll\u00f3 la votaci\u00f3n que favoreci\u00f3 a P\u00e9rez Rivera, el presidente municipal tom\u00f3 la protesta de ley al nuevo titular de la Direcci\u00f3n de Seguridad P\u00fablica, que de inmediato asumi\u00f3 funciones de manera oficial, pues los d\u00edas anteriores hab\u00eda fungido como encargado\u00a0del\u00a0despacho.<\/p>\n<p><a href=\"https:\/\/enconecte.com\/wp-content\/uploads\/2023\/08\/Imagen-de-WhatsApp-2023-08-10-a-las-20.53.11.jpg\"><img loading=\"lazy\" decoding=\"async\" class=\"alignnone size-full wp-image-22893\" src=\"https:\/\/enconecte.com\/wp-content\/uploads\/2023\/08\/Imagen-de-WhatsApp-2023-08-10-a-las-20.53.11.jpg\" alt=\"\" width=\"1600\" height=\"1066\" srcset=\"https:\/\/raicesjerezanas.com\/wp-content\/uploads\/2023\/08\/Imagen-de-WhatsApp-2023-08-10-a-las-20.53.11.jpg 1600w, https:\/\/raicesjerezanas.com\/wp-content\/uploads\/2023\/08\/Imagen-de-WhatsApp-2023-08-10-a-las-20.53.11-300x200.jpg 300w, https:\/\/raicesjerezanas.com\/wp-content\/uploads\/2023\/08\/Imagen-de-WhatsApp-2023-08-10-a-las-20.53.11-1024x682.jpg 1024w, https:\/\/raicesjerezanas.com\/wp-content\/uploads\/2023\/08\/Imagen-de-WhatsApp-2023-08-10-a-las-20.53.11-768x512.jpg 768w, https:\/\/raicesjerezanas.com\/wp-content\/uploads\/2023\/08\/Imagen-de-WhatsApp-2023-08-10-a-las-20.53.11-1536x1023.jpg 1536w\" sizes=\"auto, (max-width: 1600px) 100vw, 1600px\" \/><\/a><\/p>\n","protected":false},"excerpt":{"rendered":"<div class=\"mh-excerpt\"><p>El Ayuntamiento 2021-2024, design\u00f3 a Jos\u00e9 Alberto P\u00e9rez Rivera como nuevo director de Seguridad P\u00fablica de Jerez, durante la sesi\u00f3n ordinaria de Cabildo, en la <a class=\"mh-excerpt-more\" href=\"https:\/\/raicesjerezanas.com\/?p=22892\" title=\"DESIGNA EL CABILDO DE JEREZ AL NUEVO DIRECTOR DE SEGURIDAD P\u00daBLICA\">&#8230;<\/a><\/p>\n<\/div>","protected":false},"author":1,"featured_media":22894,"comment_status":"closed","ping_status":"closed","sticky":false,"template":"","format":"standard","meta":{"footnotes":""},"categories":[102],"tags":[],"class_list":["post-22892","post","type-post","status-publish","format-standard","has-post-thumbnail","hentry","category-noticias-de-jerez"],"_links":{"self":[{"href":"https:\/\/raicesjerezanas.com\/index.php?rest_route=\/wp\/v2\/posts\/22892","targetHints":{"allow":["GET"]}}],"collection":[{"href":"https:\/\/raicesjerezanas.com\/index.php?rest_route=\/wp\/v2\/posts"}],"about":[{"href":"https:\/\/raicesjerezanas.com\/index.php?rest_route=\/wp\/v2\/types\/post"}],"author":[{"embeddable":true,"href":"https:\/\/raicesjerezanas.com\/index.php?rest_route=\/wp\/v2\/users\/1"}],"replies":[{"embeddable":true,"href":"https:\/\/raicesjerezanas.com\/index.php?rest_route=%2Fwp%2Fv2%2Fcomments&post=22892"}],"version-history":[{"count":0,"href":"https:\/\/raicesjerezanas.com\/index.php?rest_route=\/wp\/v2\/posts\/22892\/revisions"}],"wp:featuredmedia":[{"embeddable":true,"href":"https:\/\/raicesjerezanas.com\/index.php?rest_route=\/wp\/v2\/media\/22894"}],"wp:attachment":[{"href":"https:\/\/raicesjerezanas.com\/index.php?rest_route=%2Fwp%2Fv2%2Fmedia&parent=22892"}],"wp:term":[{"taxonomy":"category","embeddable":true,"href":"https:\/\/raicesjerezanas.com\/index.php?rest_route=%2Fwp%2Fv2%2Fcategories&post=22892"},{"taxonomy":"post_tag","embeddable":true,"href":"https:\/\/raicesjerezanas.com\/index.php?rest_route=%2Fwp%2Fv2%2Ftags&post=22892"}],"curies":[{"name":"wp","href":"https:\/\/api.w.org\/{rel}","templated":true}]}}