{"id":22897,"date":"2023-08-11T13:49:52","date_gmt":"2023-08-11T19:49:52","guid":{"rendered":"https:\/\/enconecte.com\/?p=22897"},"modified":"2023-08-11T13:49:52","modified_gmt":"2023-08-11T19:49:52","slug":"realizan-electrificacion-en-la-calle-segunda-de-la-comunidad-el-moral-en-jerez","status":"publish","type":"post","link":"https:\/\/raicesjerezanas.com\/?p=22897","title":{"rendered":"REALIZAN ELECTRIFICACI\u00d3N EN LA CALLE SEGUNDA DE LA COMUNIDAD EL MORAL EN JEREZ"},"content":{"rendered":"<p>La obra de electrificaci\u00f3n de la calle Segunda en la comunidad de El Moral es la respuesta de la administraci\u00f3n municipal a una de las principales prioridades expresadas por la poblaci\u00f3n. Por lo tanto, las autoridades, encabezadas por el presidente Jos\u00e9 Humberto Salazar Contreras, dieron el banderazo de inicio a los trabajos.<\/p>\n<p>Acompa\u00f1ado por los regidores Enrique Saucedo Moreno y Elizabeth Murillo Guerrero, el doctor Salazar visit\u00f3 esta rancher\u00eda y record\u00f3 que la calle en cuesti\u00f3n est\u00e1 lista para ser pavimentada, despu\u00e9s de que previamente se rehabilitaron las l\u00edneas de drenaje y agua potable. Por lo tanto, se est\u00e1 gestionando recursos para llevar a cabo esta labor.<\/p>\n<p>En el evento, tambi\u00e9n estuvieron presentes el director de Desarrollo Econ\u00f3mico y Social, David Josafat de al Torre Pinedo, y Marco Antonio Valenzuela de SIMAPAJ. Alfredo Mar\u00edn Luna, director de Obras y Servicios P\u00fablicos, inform\u00f3 que en esta ampliaci\u00f3n de la electrificaci\u00f3n se instalar\u00e1n cuatro postes de alumbrado, as\u00ed como luminarias y un transformador.<\/p>\n<p>En nombre de los beneficiarios, el delegado Abel Reveles agradeci\u00f3 al presidente municipal por prestar atenci\u00f3n a su comunidad y por no dejar solos a los pobladores en la atenci\u00f3n de las necesidades. Asimismo, habl\u00f3 sobre una propuesta planteada por l\u00edderes migrantes que buscan instalar iluminaci\u00f3n en el camell\u00f3n de acceso al poblado y un letrero de bienvenida para los visitantes.<\/p>\n<p>Salazar Contreras consider\u00f3 la iniciativa de manera favorable y se mostr\u00f3 dispuesto a unirse al esfuerzo. Se comprometi\u00f3 a presentar el proyecto y trabajar juntos para hacerlo\u00a0realidad.<\/p>\n<p><a href=\"https:\/\/enconecte.com\/wp-content\/uploads\/2023\/08\/Imagen-de-WhatsApp-2023-08-11-a-las-12.33.27.jpg\"><img loading=\"lazy\" decoding=\"async\" class=\"alignnone size-full wp-image-22895\" src=\"https:\/\/enconecte.com\/wp-content\/uploads\/2023\/08\/Imagen-de-WhatsApp-2023-08-11-a-las-12.33.27.jpg\" alt=\"\" width=\"1599\" height=\"1066\" srcset=\"https:\/\/raicesjerezanas.com\/wp-content\/uploads\/2023\/08\/Imagen-de-WhatsApp-2023-08-11-a-las-12.33.27.jpg 1599w, https:\/\/raicesjerezanas.com\/wp-content\/uploads\/2023\/08\/Imagen-de-WhatsApp-2023-08-11-a-las-12.33.27-300x200.jpg 300w, https:\/\/raicesjerezanas.com\/wp-content\/uploads\/2023\/08\/Imagen-de-WhatsApp-2023-08-11-a-las-12.33.27-1024x683.jpg 1024w, https:\/\/raicesjerezanas.com\/wp-content\/uploads\/2023\/08\/Imagen-de-WhatsApp-2023-08-11-a-las-12.33.27-768x512.jpg 768w, https:\/\/raicesjerezanas.com\/wp-content\/uploads\/2023\/08\/Imagen-de-WhatsApp-2023-08-11-a-las-12.33.27-1536x1024.jpg 1536w\" sizes=\"auto, (max-width: 1599px) 100vw, 1599px\" \/><\/a><\/p>\n","protected":false},"excerpt":{"rendered":"<div class=\"mh-excerpt\"><p>La obra de electrificaci\u00f3n de la calle Segunda en la comunidad de El Moral es la respuesta de la administraci\u00f3n municipal a una de las <a class=\"mh-excerpt-more\" href=\"https:\/\/raicesjerezanas.com\/?p=22897\" title=\"REALIZAN ELECTRIFICACI\u00d3N EN LA CALLE SEGUNDA DE LA COMUNIDAD EL MORAL EN JEREZ\">&#8230;<\/a><\/p>\n<\/div>","protected":false},"author":1,"featured_media":22896,"comment_status":"closed","ping_status":"closed","sticky":false,"template":"","format":"standard","meta":{"footnotes":""},"categories":[102],"tags":[],"class_list":["post-22897","post","type-post","status-publish","format-standard","has-post-thumbnail","hentry","category-noticias-de-jerez"],"_links":{"self":[{"href":"https:\/\/raicesjerezanas.com\/index.php?rest_route=\/wp\/v2\/posts\/22897","targetHints":{"allow":["GET"]}}],"collection":[{"href":"https:\/\/raicesjerezanas.com\/index.php?rest_route=\/wp\/v2\/posts"}],"about":[{"href":"https:\/\/raicesjerezanas.com\/index.php?rest_route=\/wp\/v2\/types\/post"}],"author":[{"embeddable":true,"href":"https:\/\/raicesjerezanas.com\/index.php?rest_route=\/wp\/v2\/users\/1"}],"replies":[{"embeddable":true,"href":"https:\/\/raicesjerezanas.com\/index.php?rest_route=%2Fwp%2Fv2%2Fcomments&post=22897"}],"version-history":[{"count":0,"href":"https:\/\/raicesjerezanas.com\/index.php?rest_route=\/wp\/v2\/posts\/22897\/revisions"}],"wp:featuredmedia":[{"embeddable":true,"href":"https:\/\/raicesjerezanas.com\/index.php?rest_route=\/wp\/v2\/media\/22896"}],"wp:attachment":[{"href":"https:\/\/raicesjerezanas.com\/index.php?rest_route=%2Fwp%2Fv2%2Fmedia&parent=22897"}],"wp:term":[{"taxonomy":"category","embeddable":true,"href":"https:\/\/raicesjerezanas.com\/index.php?rest_route=%2Fwp%2Fv2%2Fcategories&post=22897"},{"taxonomy":"post_tag","embeddable":true,"href":"https:\/\/raicesjerezanas.com\/index.php?rest_route=%2Fwp%2Fv2%2Ftags&post=22897"}],"curies":[{"name":"wp","href":"https:\/\/api.w.org\/{rel}","templated":true}]}}