{"id":22898,"date":"2023-08-11T13:50:46","date_gmt":"2023-08-11T19:50:46","guid":{"rendered":"https:\/\/enconecte.com\/?p=22898"},"modified":"2023-08-11T13:50:46","modified_gmt":"2023-08-11T19:50:46","slug":"clausuran-curso-de-verano-escuadron-infantil-segunda-generacion-en-jerez","status":"publish","type":"post","link":"https:\/\/raicesjerezanas.com\/?p=22898","title":{"rendered":"CLAUSURAN CURSO DE VERANO \u201cESCUADR\u00d3N INFANTIL SEGUNDA GENERACI\u00d3N\u201d EN JEREZ"},"content":{"rendered":"<p>La Direcci\u00f3n de Seguridad P\u00fablica Municipal (DSPM) de Jerez, a trav\u00e9s del \u00e1rea de Prevenci\u00f3n del Delito que forma parte del gobierno municipal 2021-2024, brind\u00f3 por segunda ocasi\u00f3n durante dos semanas, del 31 de julio al 11 de agosto, el curso \u00abEscuadr\u00f3n Infantil Segunda Generaci\u00f3n\u00bb. En este curso, 27 ni\u00f1os de nivel primaria, con edades comprendidas entre los 6 y los 13 a\u00f1os, vivieron unas vacaciones diferentes, experimentando un aprendizaje interactivo y divertido basado en valores como el trabajo en equipo y la seguridad. La ceremonia de clausura tuvo lugar esta ma\u00f1ana en las instalaciones del auditorio Genaro Borrego Estrada.<\/p>\n<p>Antes de la entrega de reconocimientos a los ni\u00f1os, la Mtra. Ana Cecilia Baltazar Mu\u00f1oz, responsable de Prevenci\u00f3n del Delito, expres\u00f3 su gratitud a los padres por haber inscrito a sus hijos en este curso y felicit\u00f3 a los peque\u00f1os participantes. Posteriormente, cada alumno fue llamado para recibir un reconocimiento por su participaci\u00f3n en esta segunda generaci\u00f3n del curso. Tambi\u00e9n se reconoci\u00f3 a las instructoras de este programa: Lic. Mar\u00eda Cristina C\u00e1rdenas Garc\u00eda, Lic. Juana Lara Guillen, Lic. Karina Reveles S\u00e1nchez, Lic. Leticia de la Torre Mart\u00ednez y Yessenia Morales Galv\u00e1n, quien imparti\u00f3 la instrucci\u00f3n de baloncesto.<\/p>\n<p>Ante la presencia de los ni\u00f1os, maestros, padres de familia y autoridades, el Dr. Jos\u00e9 Humberto Salazar Contreras, alcalde de Jerez, manifest\u00f3 que es un honor estar presente en estos momentos con los j\u00f3venes participantes. Expres\u00f3 su agradecimiento por esta iniciativa de seguridad, la cual gu\u00eda a los ni\u00f1os hacia la disciplina y los valores para un futuro mejor. Posteriormente, procedi\u00f3 a clausurar oficialmente el curso. Lo acompa\u00f1aron en esta ceremonia el Mtro. Jacobo Jaramillo Rafael, subdirector de DSPM, y el Prof. Armando Qui\u00f1ones Ortiz, coordinador municipal del Deporte. Al finalizar, los ni\u00f1os realizaron un recorrido en el auditorio Genaro Borrego, conocido como \u00aborden cerrado\u00bb, acompa\u00f1ados\u00a0de\u00a0una\u00a0porra.<\/p>\n<p><a href=\"https:\/\/enconecte.com\/wp-content\/uploads\/2023\/08\/Imagen-de-WhatsApp-2023-08-11-a-las-14.47.30.jpg\"><img loading=\"lazy\" decoding=\"async\" class=\"alignnone size-full wp-image-22899\" src=\"https:\/\/enconecte.com\/wp-content\/uploads\/2023\/08\/Imagen-de-WhatsApp-2023-08-11-a-las-14.47.30.jpg\" alt=\"\" width=\"1599\" height=\"1066\" srcset=\"https:\/\/raicesjerezanas.com\/wp-content\/uploads\/2023\/08\/Imagen-de-WhatsApp-2023-08-11-a-las-14.47.30.jpg 1599w, https:\/\/raicesjerezanas.com\/wp-content\/uploads\/2023\/08\/Imagen-de-WhatsApp-2023-08-11-a-las-14.47.30-300x200.jpg 300w, https:\/\/raicesjerezanas.com\/wp-content\/uploads\/2023\/08\/Imagen-de-WhatsApp-2023-08-11-a-las-14.47.30-1024x683.jpg 1024w, https:\/\/raicesjerezanas.com\/wp-content\/uploads\/2023\/08\/Imagen-de-WhatsApp-2023-08-11-a-las-14.47.30-768x512.jpg 768w, https:\/\/raicesjerezanas.com\/wp-content\/uploads\/2023\/08\/Imagen-de-WhatsApp-2023-08-11-a-las-14.47.30-1536x1024.jpg 1536w\" sizes=\"auto, (max-width: 1599px) 100vw, 1599px\" \/><\/a><\/p>\n","protected":false},"excerpt":{"rendered":"<div class=\"mh-excerpt\"><p>La Direcci\u00f3n de Seguridad P\u00fablica Municipal (DSPM) de Jerez, a trav\u00e9s del \u00e1rea de Prevenci\u00f3n del Delito que forma parte del gobierno municipal 2021-2024, brind\u00f3 <a class=\"mh-excerpt-more\" href=\"https:\/\/raicesjerezanas.com\/?p=22898\" title=\"CLAUSURAN CURSO DE VERANO \u201cESCUADR\u00d3N INFANTIL SEGUNDA GENERACI\u00d3N\u201d EN JEREZ\">&#8230;<\/a><\/p>\n<\/div>","protected":false},"author":1,"featured_media":22900,"comment_status":"closed","ping_status":"closed","sticky":false,"template":"","format":"standard","meta":{"footnotes":""},"categories":[102],"tags":[],"class_list":["post-22898","post","type-post","status-publish","format-standard","has-post-thumbnail","hentry","category-noticias-de-jerez"],"_links":{"self":[{"href":"https:\/\/raicesjerezanas.com\/index.php?rest_route=\/wp\/v2\/posts\/22898","targetHints":{"allow":["GET"]}}],"collection":[{"href":"https:\/\/raicesjerezanas.com\/index.php?rest_route=\/wp\/v2\/posts"}],"about":[{"href":"https:\/\/raicesjerezanas.com\/index.php?rest_route=\/wp\/v2\/types\/post"}],"author":[{"embeddable":true,"href":"https:\/\/raicesjerezanas.com\/index.php?rest_route=\/wp\/v2\/users\/1"}],"replies":[{"embeddable":true,"href":"https:\/\/raicesjerezanas.com\/index.php?rest_route=%2Fwp%2Fv2%2Fcomments&post=22898"}],"version-history":[{"count":0,"href":"https:\/\/raicesjerezanas.com\/index.php?rest_route=\/wp\/v2\/posts\/22898\/revisions"}],"wp:featuredmedia":[{"embeddable":true,"href":"https:\/\/raicesjerezanas.com\/index.php?rest_route=\/wp\/v2\/media\/22900"}],"wp:attachment":[{"href":"https:\/\/raicesjerezanas.com\/index.php?rest_route=%2Fwp%2Fv2%2Fmedia&parent=22898"}],"wp:term":[{"taxonomy":"category","embeddable":true,"href":"https:\/\/raicesjerezanas.com\/index.php?rest_route=%2Fwp%2Fv2%2Fcategories&post=22898"},{"taxonomy":"post_tag","embeddable":true,"href":"https:\/\/raicesjerezanas.com\/index.php?rest_route=%2Fwp%2Fv2%2Ftags&post=22898"}],"curies":[{"name":"wp","href":"https:\/\/api.w.org\/{rel}","templated":true}]}}