{"id":22901,"date":"2023-08-11T13:51:20","date_gmt":"2023-08-11T19:51:20","guid":{"rendered":"https:\/\/enconecte.com\/?p=22901"},"modified":"2023-08-11T13:51:20","modified_gmt":"2023-08-11T19:51:20","slug":"se-graduan-alumnos-de-licenciatura-maestria-y-doctorado-del-isea-calmecac-en-jerez","status":"publish","type":"post","link":"https:\/\/raicesjerezanas.com\/?p=22901","title":{"rendered":"SE GRAD\u00daAN ALUMNOS DE LICENCIATURA, MAESTR\u00cdA Y DOCTORADO DEL ISEA CALMECAC EN JEREZ"},"content":{"rendered":"<p>En una ceremonia celebrada en el majestuoso Teatro Hinojosa, se entregaron las cartas de pasantes a los alumnos de la licenciatura en Artes, generaci\u00f3n XIV; maestr\u00eda en Artes, generaci\u00f3n XIII; y doctorado en Artes, generaci\u00f3n V. Los 29 egresados del Instituto Superior de Educaci\u00f3n Art\u00edstica CALMECAC, con sus conocimientos, estar\u00e1n en posici\u00f3n de contribuir a\u00fan m\u00e1s a la sociedad.<\/p>\n<p>Se realizaron honores a la bandera y se enton\u00f3 el himno nacional, interpretado por el Prof. Salvador Fragoso. Al inaugurar la ceremonia, el rector del CLAMECAC, Mtro. Armando Correa Gonz\u00e1lez, comparti\u00f3 que estudios recientes en neurociencia demuestran que la danza fomenta nuevas conexiones neuronales, estabiliza el sistema nervioso y favorece el control emocional, entre otras ventajas de este arte.<\/p>\n<p>La entrega oficial de las cartas de pasantes a los egresados se llev\u00f3 a cabo, correspondiendo a la licenciatura en Artes, generaci\u00f3n XIV, el t\u00edtulo \u00abJos\u00e9 Rogelio Esquivel\u00bb; a la maestr\u00eda en Artes, generaci\u00f3n XIII, el t\u00edtulo \u00abV\u00edctor Hu\u00edzar Iturriga\u00bb; y al doctorado en Artes, generaci\u00f3n V, el t\u00edtulo \u00abCatedr\u00e1ticos del ISEA CALMECAC\u00bb. Luego, el ballet de la instituci\u00f3n present\u00f3 la estampa del estado de Sinaloa, titulada \u00abFiesta de Taspana\u00bb.<\/p>\n<p>En el acto de clausura, el Lic. H\u00e9ctor Hugo Ram\u00edrez Escobedo, secretario de Gobierno municipal, reconoci\u00f3 la destacada trayectoria del Mtro. Armando Correa como artista, docente y embajador del arte de Zacatecas en el mundo. Asimismo, elogi\u00f3 al ISEA CALMECAC por convertirse en un s\u00edmbolo de identidad art\u00edstica en Jerez a nivel nacional, y felicit\u00f3 a los egresados. Entre los presentes se encontraban tambi\u00e9n la Mtra. Blanca Lilia Rodr\u00edguez Barrag\u00e1n, jefa de la Regi\u00f3n 8 A; Mtra. Lidia Hern\u00e1ndez V\u00e1zquez, representante del jefe de la Regi\u00f3n 8 B; Lic. V\u00edctor Hu\u00edzar Iturriaga, director del Instituto Jerezano de Cultura; catedr\u00e1ticos de la instituci\u00f3n; familiares y amigos de\u00a0los\u00a0egresados.<\/p>\n<p><a href=\"https:\/\/enconecte.com\/wp-content\/uploads\/2023\/08\/Imagen-de-WhatsApp-2023-08-11-a-las-19.04.22.jpg\"><img loading=\"lazy\" decoding=\"async\" class=\"alignnone size-full wp-image-22903\" src=\"https:\/\/enconecte.com\/wp-content\/uploads\/2023\/08\/Imagen-de-WhatsApp-2023-08-11-a-las-19.04.22.jpg\" alt=\"\" width=\"1280\" height=\"576\" srcset=\"https:\/\/raicesjerezanas.com\/wp-content\/uploads\/2023\/08\/Imagen-de-WhatsApp-2023-08-11-a-las-19.04.22.jpg 1280w, https:\/\/raicesjerezanas.com\/wp-content\/uploads\/2023\/08\/Imagen-de-WhatsApp-2023-08-11-a-las-19.04.22-300x135.jpg 300w, https:\/\/raicesjerezanas.com\/wp-content\/uploads\/2023\/08\/Imagen-de-WhatsApp-2023-08-11-a-las-19.04.22-1024x461.jpg 1024w, https:\/\/raicesjerezanas.com\/wp-content\/uploads\/2023\/08\/Imagen-de-WhatsApp-2023-08-11-a-las-19.04.22-768x346.jpg 768w\" sizes=\"auto, (max-width: 1280px) 100vw, 1280px\" \/><\/a><\/p>\n","protected":false},"excerpt":{"rendered":"<div class=\"mh-excerpt\"><p>En una ceremonia celebrada en el majestuoso Teatro Hinojosa, se entregaron las cartas de pasantes a los alumnos de la licenciatura en Artes, generaci\u00f3n XIV; <a class=\"mh-excerpt-more\" href=\"https:\/\/raicesjerezanas.com\/?p=22901\" title=\"SE GRAD\u00daAN ALUMNOS DE LICENCIATURA, MAESTR\u00cdA Y DOCTORADO DEL ISEA CALMECAC EN JEREZ\">&#8230;<\/a><\/p>\n<\/div>","protected":false},"author":1,"featured_media":22902,"comment_status":"closed","ping_status":"closed","sticky":false,"template":"","format":"standard","meta":{"footnotes":""},"categories":[102],"tags":[],"class_list":["post-22901","post","type-post","status-publish","format-standard","has-post-thumbnail","hentry","category-noticias-de-jerez"],"_links":{"self":[{"href":"https:\/\/raicesjerezanas.com\/index.php?rest_route=\/wp\/v2\/posts\/22901","targetHints":{"allow":["GET"]}}],"collection":[{"href":"https:\/\/raicesjerezanas.com\/index.php?rest_route=\/wp\/v2\/posts"}],"about":[{"href":"https:\/\/raicesjerezanas.com\/index.php?rest_route=\/wp\/v2\/types\/post"}],"author":[{"embeddable":true,"href":"https:\/\/raicesjerezanas.com\/index.php?rest_route=\/wp\/v2\/users\/1"}],"replies":[{"embeddable":true,"href":"https:\/\/raicesjerezanas.com\/index.php?rest_route=%2Fwp%2Fv2%2Fcomments&post=22901"}],"version-history":[{"count":0,"href":"https:\/\/raicesjerezanas.com\/index.php?rest_route=\/wp\/v2\/posts\/22901\/revisions"}],"wp:featuredmedia":[{"embeddable":true,"href":"https:\/\/raicesjerezanas.com\/index.php?rest_route=\/wp\/v2\/media\/22902"}],"wp:attachment":[{"href":"https:\/\/raicesjerezanas.com\/index.php?rest_route=%2Fwp%2Fv2%2Fmedia&parent=22901"}],"wp:term":[{"taxonomy":"category","embeddable":true,"href":"https:\/\/raicesjerezanas.com\/index.php?rest_route=%2Fwp%2Fv2%2Fcategories&post=22901"},{"taxonomy":"post_tag","embeddable":true,"href":"https:\/\/raicesjerezanas.com\/index.php?rest_route=%2Fwp%2Fv2%2Ftags&post=22901"}],"curies":[{"name":"wp","href":"https:\/\/api.w.org\/{rel}","templated":true}]}}