{"id":22904,"date":"2023-08-12T13:52:29","date_gmt":"2023-08-12T19:52:29","guid":{"rendered":"https:\/\/enconecte.com\/?p=22904"},"modified":"2023-08-12T13:52:29","modified_gmt":"2023-08-12T19:52:29","slug":"inicio-la-pavimentacion-en-calle-rancho-de-guadalupe-en-la-colonia-las-americas","status":"publish","type":"post","link":"https:\/\/raicesjerezanas.com\/?p=22904","title":{"rendered":"INICI\u00d3 LA PAVIMENTACI\u00d3N EN CALLE RANCHO DE GUADALUPE EN LA COLONIA LAS AM\u00c9RICAS"},"content":{"rendered":"<ul>\n<li>Se busca ir resolviendo el abandono en el que dejaron al municipio las administraciones anteriores<\/li>\n<\/ul>\n<p>En respuesta a la solicitud de los residentes de la Colonia Las Am\u00e9ricas, he iniciado la pavimentaci\u00f3n de la calle Rancho de Guadalupe. Esta obra traer\u00e1 beneficios significativos a una amplia \u00e1rea de la ciudad, ya que proporcionar\u00e1 una conexi\u00f3n crucial entre el sector oriental y occidental que actualmente experimenta un tr\u00e1fico vehicular constante.<\/p>\n<p>El alcalde Jos\u00e9 Humberto Salazar Contreras presidi\u00f3 el acto de inicio de la maquinaria y equipo de la empresa constructora encargada de llevar a cabo los trabajos. Estos consistir\u00e1n en la instalaci\u00f3n de 209 metros cuadrados de concreto hidr\u00e1ulico, incluyendo guarniciones y banquetas. Adem\u00e1s, se llevar\u00e1n a cabo labores en la acequia, que comprender\u00e1n su desazolve, la demolici\u00f3n del antiguo puente y la construcci\u00f3n de uno nuevo mediante una losa de concreto. Tambi\u00e9n se erigir\u00e1 un muro de contenci\u00f3n hasta la calle Rep\u00fablica, como explic\u00f3 el director de Obras y Servicios P\u00fablicos, Alfredo Mar\u00edn Luna.<\/p>\n<p>Durante el recorrido, que marc\u00f3 el tercer d\u00eda consecutivo de giras de trabajo del presidente municipal, el Dr. Salazar Contreras reafirm\u00f3 el compromiso de su administraci\u00f3n en la ejecuci\u00f3n de obras de infraestructura social en las zonas m\u00e1s vulnerables. Asimismo, destac\u00f3 la intenci\u00f3n de abordar la negligencia heredada de administraciones anteriores en el municipio.<\/p>\n<p>Cabe resaltar que, con el fin de no interrumpir el flujo vehicular, se ha habilitado un desv\u00edo provisional. Los veh\u00edculos podr\u00e1n continuar algunos metros hacia Ranchito de Guadalupe y luego girar hacia la calle Rep\u00fablica. Este desv\u00edo estar\u00e1 en funcionamiento mientras se lleva a cabo la rehabilitaci\u00f3n\u00a0del\u00a0puente.<\/p>\n<p><a href=\"https:\/\/enconecte.com\/wp-content\/uploads\/2023\/08\/Imagen-de-WhatsApp-2023-08-12-a-las-0d.41.58.jpg\"><img loading=\"lazy\" decoding=\"async\" class=\"alignnone size-full wp-image-22906\" src=\"https:\/\/enconecte.com\/wp-content\/uploads\/2023\/08\/Imagen-de-WhatsApp-2023-08-12-a-las-0d.41.58.jpg\" alt=\"\" width=\"1599\" height=\"1066\" srcset=\"https:\/\/raicesjerezanas.com\/wp-content\/uploads\/2023\/08\/Imagen-de-WhatsApp-2023-08-12-a-las-0d.41.58.jpg 1599w, https:\/\/raicesjerezanas.com\/wp-content\/uploads\/2023\/08\/Imagen-de-WhatsApp-2023-08-12-a-las-0d.41.58-300x200.jpg 300w, https:\/\/raicesjerezanas.com\/wp-content\/uploads\/2023\/08\/Imagen-de-WhatsApp-2023-08-12-a-las-0d.41.58-1024x683.jpg 1024w, https:\/\/raicesjerezanas.com\/wp-content\/uploads\/2023\/08\/Imagen-de-WhatsApp-2023-08-12-a-las-0d.41.58-768x512.jpg 768w, https:\/\/raicesjerezanas.com\/wp-content\/uploads\/2023\/08\/Imagen-de-WhatsApp-2023-08-12-a-las-0d.41.58-1536x1024.jpg 1536w\" sizes=\"auto, (max-width: 1599px) 100vw, 1599px\" \/><\/a><\/p>\n","protected":false},"excerpt":{"rendered":"<div class=\"mh-excerpt\"><p>Se busca ir resolviendo el abandono en el que dejaron al municipio las administraciones anteriores En respuesta a la solicitud de los residentes de la <a class=\"mh-excerpt-more\" href=\"https:\/\/raicesjerezanas.com\/?p=22904\" title=\"INICI\u00d3 LA PAVIMENTACI\u00d3N EN CALLE RANCHO DE GUADALUPE EN LA COLONIA LAS AM\u00c9RICAS\">&#8230;<\/a><\/p>\n<\/div>","protected":false},"author":1,"featured_media":22905,"comment_status":"closed","ping_status":"closed","sticky":false,"template":"","format":"standard","meta":{"footnotes":""},"categories":[102],"tags":[],"class_list":["post-22904","post","type-post","status-publish","format-standard","has-post-thumbnail","hentry","category-noticias-de-jerez"],"_links":{"self":[{"href":"https:\/\/raicesjerezanas.com\/index.php?rest_route=\/wp\/v2\/posts\/22904","targetHints":{"allow":["GET"]}}],"collection":[{"href":"https:\/\/raicesjerezanas.com\/index.php?rest_route=\/wp\/v2\/posts"}],"about":[{"href":"https:\/\/raicesjerezanas.com\/index.php?rest_route=\/wp\/v2\/types\/post"}],"author":[{"embeddable":true,"href":"https:\/\/raicesjerezanas.com\/index.php?rest_route=\/wp\/v2\/users\/1"}],"replies":[{"embeddable":true,"href":"https:\/\/raicesjerezanas.com\/index.php?rest_route=%2Fwp%2Fv2%2Fcomments&post=22904"}],"version-history":[{"count":0,"href":"https:\/\/raicesjerezanas.com\/index.php?rest_route=\/wp\/v2\/posts\/22904\/revisions"}],"wp:featuredmedia":[{"embeddable":true,"href":"https:\/\/raicesjerezanas.com\/index.php?rest_route=\/wp\/v2\/media\/22905"}],"wp:attachment":[{"href":"https:\/\/raicesjerezanas.com\/index.php?rest_route=%2Fwp%2Fv2%2Fmedia&parent=22904"}],"wp:term":[{"taxonomy":"category","embeddable":true,"href":"https:\/\/raicesjerezanas.com\/index.php?rest_route=%2Fwp%2Fv2%2Fcategories&post=22904"},{"taxonomy":"post_tag","embeddable":true,"href":"https:\/\/raicesjerezanas.com\/index.php?rest_route=%2Fwp%2Fv2%2Ftags&post=22904"}],"curies":[{"name":"wp","href":"https:\/\/api.w.org\/{rel}","templated":true}]}}