{"id":22909,"date":"2023-07-28T14:15:37","date_gmt":"2023-07-28T20:15:37","guid":{"rendered":"https:\/\/enconecte.com\/?p=22769"},"modified":"2023-07-28T14:15:37","modified_gmt":"2023-07-28T20:15:37","slug":"gran-evento-cultural-dentro-de-la-semana-del-migrante-en-el-molino-de-la-exhacienda-de-la-labor","status":"publish","type":"post","link":"https:\/\/raicesjerezanas.com\/?p=22909","title":{"rendered":"GRAN EVENTO CULTURAL DENTRO DE LA SEMANA DEL MIGRANTE EN EL MOLINO DE LA EXHACIENDA DE LA LABOR"},"content":{"rendered":"<ul>\n<li>Magistral actuaci\u00f3n de la banda del Estado, la academia de Jackie Ultreras, el ensamble de la Escuela de M\u00fasica y el cierre con Stare Bardy<\/li>\n<\/ul>\n<p>El extraordinario platillo cultural multidisciplinario tuvo lugar en el molino de la comunidad de La Labor, un espl\u00e9ndido escenario al aire libre, enmarcado por la vistosa arquitectura de la exhacienda. El evento cont\u00f3 con el concierto estelar de la Internacional Banda de Sinf\u00f3nica del Gobierno del Estado, la actuaci\u00f3n del ballet de Jackie Ultreras, el ensamble de la Escuela de M\u00fasica Candelario Hu\u00edzar y el gran cierre con la banda Stare Bardy.<\/p>\n<p>El alcalde Jos\u00e9 Humberto Salazar Contreras presenci\u00f3 el evento, acompa\u00f1ado de un grupo de migrantes y colaboradores de la administraci\u00f3n, as\u00ed como representantes de la belleza y un numeroso p\u00fablico. Entre los asistentes destacaban paisanos que se encontraban visitando el municipio, personas de la comunidad, de la cabecera municipal y de otras poblaciones rurales que se dieron cita en la tierra que vio nacer al gobernante modelo Francisco Garc\u00eda Salinas.<\/p>\n<p>El evento form\u00f3 parte de la programaci\u00f3n de la Segunda Semana del Migrante, organizada por el gobierno municipal. Para esta ocasi\u00f3n, se tom\u00f3 la determinaci\u00f3n de buscar nuevos espacios para mostrar la belleza del Pueblo M\u00e1gico, extendiendo la actividad al \u00e1rea rural. El ambiente result\u00f3 del agrado de las personas que presenciaron el espect\u00e1culo cultural.<\/p>\n<p>La apertura estuvo a cargo de la Academia de Jackie Ultreras en sus modalidades infantil y juvenil. Presentaron una serie de n\u00fameros art\u00edsticos con vistosos vestuarios y din\u00e1micas coreograf\u00edas. Posteriormente, la Escuela de M\u00fasica Candelario Hu\u00edzar se hizo presente con una serie de melod\u00edas, mostrando la calidad de nuestros m\u00fasicos.<\/p>\n<p>Bajo la batuta del maestro Salvador Garc\u00eda y Ortega, una vez m\u00e1s, La Banda Sinf\u00f3nica del Gobierno del estado deleit\u00f3 al p\u00fablico, quien les tribut\u00f3 un aplauso de pie tras su actuaci\u00f3n. Interpretaron la Marcha de Zacatecas, seguida de una diversidad de ritmos y g\u00e9neros. Para el deleite de los jerezanos, concluyeron con la marcha Jerez de Jos\u00e9 G. G\u00f3mez, el tradicional Caballo Mojino y se despidieron con un fragmento de la Marcha Zacatecas.<\/p>\n<p><a href=\"https:\/\/enconecte.com\/wp-content\/uploads\/2023\/08\/Imagen-de-WhatsApp-2023-07-28-a-las-12.36.20.jpg\"><img loading=\"lazy\" decoding=\"async\" class=\"alignnone size-full wp-image-22770\" src=\"https:\/\/enconecte.com\/wp-content\/uploads\/2023\/08\/Imagen-de-WhatsApp-2023-07-28-a-las-12.36.20.jpg\" alt=\"\" width=\"1600\" height=\"1066\" \/><\/a><\/p>\n<p>El gran cierre estuvo a cargo de Stare Bardy, una banda Folk Celta de origen jalisciense con un formato diferente a lo habitual. Creada hace 13 a\u00f1os, est\u00e1 integrada por cuatro elementos y ejecuta m\u00fasica medieval, celta, n\u00f3rdica, caballer\u00eda inglesa y otros formatos. El escenario y la iluminaci\u00f3n que se encendi\u00f3 para esta \u00faltima parte del evento dieron un toque especial a la actuaci\u00f3n, que tambi\u00e9n incluy\u00f3 evoluciones danc\u00edsticas.<\/p>\n<p>El doctor Salazar entreg\u00f3 reconocimiento de participaci\u00f3n a cada una de las agrupaciones que ofrecieron su presentaci\u00f3n y adem\u00e1s, fueron premiados con el reconocimiento del p\u00fablico a trav\u00e9s\u00a0del\u00a0aplauso.<\/p>\n","protected":false},"excerpt":{"rendered":"<div class=\"mh-excerpt\"><p>Magistral actuaci\u00f3n de la banda del Estado, la academia de Jackie Ultreras, el ensamble de la Escuela de M\u00fasica y el cierre con Stare Bardy <a class=\"mh-excerpt-more\" href=\"https:\/\/raicesjerezanas.com\/?p=22909\" title=\"GRAN EVENTO CULTURAL DENTRO DE LA SEMANA DEL MIGRANTE EN EL MOLINO DE LA EXHACIENDA DE LA LABOR\">&#8230;<\/a><\/p>\n<\/div>","protected":false},"author":1,"featured_media":22782,"comment_status":"closed","ping_status":"closed","sticky":false,"template":"","format":"standard","meta":{"footnotes":""},"categories":[102],"tags":[],"class_list":["post-22909","post","type-post","status-publish","format-standard","has-post-thumbnail","hentry","category-noticias-de-jerez"],"_links":{"self":[{"href":"https:\/\/raicesjerezanas.com\/index.php?rest_route=\/wp\/v2\/posts\/22909","targetHints":{"allow":["GET"]}}],"collection":[{"href":"https:\/\/raicesjerezanas.com\/index.php?rest_route=\/wp\/v2\/posts"}],"about":[{"href":"https:\/\/raicesjerezanas.com\/index.php?rest_route=\/wp\/v2\/types\/post"}],"author":[{"embeddable":true,"href":"https:\/\/raicesjerezanas.com\/index.php?rest_route=\/wp\/v2\/users\/1"}],"replies":[{"embeddable":true,"href":"https:\/\/raicesjerezanas.com\/index.php?rest_route=%2Fwp%2Fv2%2Fcomments&post=22909"}],"version-history":[{"count":0,"href":"https:\/\/raicesjerezanas.com\/index.php?rest_route=\/wp\/v2\/posts\/22909\/revisions"}],"wp:featuredmedia":[{"embeddable":true,"href":"https:\/\/raicesjerezanas.com\/index.php?rest_route=\/wp\/v2\/media\/22782"}],"wp:attachment":[{"href":"https:\/\/raicesjerezanas.com\/index.php?rest_route=%2Fwp%2Fv2%2Fmedia&parent=22909"}],"wp:term":[{"taxonomy":"category","embeddable":true,"href":"https:\/\/raicesjerezanas.com\/index.php?rest_route=%2Fwp%2Fv2%2Fcategories&post=22909"},{"taxonomy":"post_tag","embeddable":true,"href":"https:\/\/raicesjerezanas.com\/index.php?rest_route=%2Fwp%2Fv2%2Ftags&post=22909"}],"curies":[{"name":"wp","href":"https:\/\/api.w.org\/{rel}","templated":true}]}}