{"id":22911,"date":"2023-07-30T14:19:33","date_gmt":"2023-07-30T20:19:33","guid":{"rendered":"https:\/\/enconecte.com\/?p=22776"},"modified":"2023-07-30T14:19:33","modified_gmt":"2023-07-30T20:19:33","slug":"emocionante-torneo-de-voleibol-en-segunda-semana-del-migrante-en-jerez","status":"publish","type":"post","link":"https:\/\/raicesjerezanas.com\/?p=22911","title":{"rendered":"EMOCIONANTE TORNEO DE VOLEIBOL EN SEGUNDA SEMANA DEL MIGRANTE EN JEREZ"},"content":{"rendered":"<ul>\n<li>Con la participaci\u00f3n de 10 equipos de voleibol.<\/li>\n<\/ul>\n<p>Jerez, Zac.- Durante la Segunda Semana del Migrante en Jerez, se llev\u00f3 a cabo el Torneo de voleibol en la tradicional plaza Tacuba, con un gran ambiente familiar y deportivo que permiti\u00f3 a los jerezanos disfrutar de este torneo organizado por el Gobierno Municipal 2021-2024, a trav\u00e9s de la Coordinaci\u00f3n Municipal del Deporte.<\/p>\n<p>Jes\u00fas Caldera Mel\u00e9ndez, Presidente de la Liga Municipal de Voleibol, aprovech\u00f3 la oportunidad para solicitar m\u00e1s apoyo para este deporte en Jerez y se le otorg\u00f3 un reconocimiento por su destacada trayectoria. A continuaci\u00f3n, el Prof. Armando Qui\u00f1ones Ortiz, coordinador del Deporte, declar\u00f3 que esta celebraci\u00f3n se organiz\u00f3 en honor a los hermanos migrantes y reiter\u00f3 el apoyo del municipio al voleibol.<\/p>\n<p>El Dr. Jos\u00e9 Humberto Salazar Contreras, alcalde de Jerez, expres\u00f3 su satisfacci\u00f3n por estos eventos, ya que considera que el deporte es fundamental para cambiar el rumbo de los j\u00f3venes y recuperar los valores perdidos. Adem\u00e1s, reconoci\u00f3 el notable crecimiento del deporte en el municipio.<\/p>\n<p>El encuentro deportivo cont\u00f3 con la destacada presencia de la Sra. Bertha Alicia Garcia Duarte, presidenta honor\u00edfica del DIF; Lic. David Yosafat de la Torre, director de Desarrollo Econ\u00f3mico y Social; Luis Mario Mart\u00ednez Aparicio, regidor comisionado de Juventud y Deporte; el medallista ol\u00edmpico V\u00edctor Espiricueta; el locutor de torneos Leo D\u00edaz; y los seleccionados nacionales Karol Murillo y Leo D\u00edaz.<\/p>\n<p><a href=\"https:\/\/enconecte.com\/wp-content\/uploads\/2023\/08\/Imagen-de-WhatsApp-2023-07-30-a-las-10.23.35.jpg\"><img loading=\"lazy\" decoding=\"async\" class=\"alignnone size-full wp-image-22778\" src=\"https:\/\/enconecte.com\/wp-content\/uploads\/2023\/08\/Imagen-de-WhatsApp-2023-07-30-a-las-10.23.35.jpg\" alt=\"\" width=\"1600\" height=\"1066\" \/><\/a><\/p>\n<p>En el torneo participaron 10 equipos varoniles y se realizaron demostraciones de dos equipos femeniles, donde tambi\u00e9n se lucieron las ni\u00f1as de los clubes de gimnasia jerezanas Titanes. Los resultados del torneo fueron los siguientes:<\/p>\n<p>\u2022 1\u00b0 Lugar: Autos de la Torre.<br \/>\n\u2022 2\u00b0 Lugar: Creaciones Charras 2mil.<br \/>\n\u2022 3\u00b0 Lugar: La chona, Jalisco.<br \/>\n\u2022 4\u00b0 Lugar: Loreto, Zacatecas.<\/p>\n<p>Los equipos que obtuvieron el primer y segundo lugar fueron premiados con una bolsa total de $10,000.00\u00a0en\u00a0efectivo.<\/p>\n","protected":false},"excerpt":{"rendered":"<div class=\"mh-excerpt\"><p>Con la participaci\u00f3n de 10 equipos de voleibol. Jerez, Zac.- Durante la Segunda Semana del Migrante en Jerez, se llev\u00f3 a cabo el Torneo de <a class=\"mh-excerpt-more\" href=\"https:\/\/raicesjerezanas.com\/?p=22911\" title=\"EMOCIONANTE TORNEO DE VOLEIBOL EN SEGUNDA SEMANA DEL MIGRANTE EN JEREZ\">&#8230;<\/a><\/p>\n<\/div>","protected":false},"author":1,"featured_media":22784,"comment_status":"closed","ping_status":"closed","sticky":false,"template":"","format":"standard","meta":{"footnotes":""},"categories":[102],"tags":[],"class_list":["post-22911","post","type-post","status-publish","format-standard","has-post-thumbnail","hentry","category-noticias-de-jerez"],"_links":{"self":[{"href":"https:\/\/raicesjerezanas.com\/index.php?rest_route=\/wp\/v2\/posts\/22911","targetHints":{"allow":["GET"]}}],"collection":[{"href":"https:\/\/raicesjerezanas.com\/index.php?rest_route=\/wp\/v2\/posts"}],"about":[{"href":"https:\/\/raicesjerezanas.com\/index.php?rest_route=\/wp\/v2\/types\/post"}],"author":[{"embeddable":true,"href":"https:\/\/raicesjerezanas.com\/index.php?rest_route=\/wp\/v2\/users\/1"}],"replies":[{"embeddable":true,"href":"https:\/\/raicesjerezanas.com\/index.php?rest_route=%2Fwp%2Fv2%2Fcomments&post=22911"}],"version-history":[{"count":0,"href":"https:\/\/raicesjerezanas.com\/index.php?rest_route=\/wp\/v2\/posts\/22911\/revisions"}],"wp:featuredmedia":[{"embeddable":true,"href":"https:\/\/raicesjerezanas.com\/index.php?rest_route=\/wp\/v2\/media\/22784"}],"wp:attachment":[{"href":"https:\/\/raicesjerezanas.com\/index.php?rest_route=%2Fwp%2Fv2%2Fmedia&parent=22911"}],"wp:term":[{"taxonomy":"category","embeddable":true,"href":"https:\/\/raicesjerezanas.com\/index.php?rest_route=%2Fwp%2Fv2%2Fcategories&post=22911"},{"taxonomy":"post_tag","embeddable":true,"href":"https:\/\/raicesjerezanas.com\/index.php?rest_route=%2Fwp%2Fv2%2Ftags&post=22911"}],"curies":[{"name":"wp","href":"https:\/\/api.w.org\/{rel}","templated":true}]}}