{"id":22912,"date":"2023-07-30T14:23:44","date_gmt":"2023-07-30T20:23:44","guid":{"rendered":"https:\/\/enconecte.com\/?p=22779"},"modified":"2023-07-30T14:23:44","modified_gmt":"2023-07-30T20:23:44","slug":"ambiente-de-primera-en-la-callejoneada-de-la-semana-del-migrante","status":"publish","type":"post","link":"https:\/\/raicesjerezanas.com\/?p=22912","title":{"rendered":"AMBIENTE DE PRIMERA EN LA CALLEJONEADA DE LA SEMANA DEL MIGRANTE"},"content":{"rendered":"<ul>\n<li>Al ritmo del tamborazo jerezano se realiz\u00f3 el recorrido por la ciudad<\/li>\n<\/ul>\n<p>Gran ambiente prevaleci\u00f3 durante la callejoneada que, con motivo de la Segunda Semana del Migrante Jerezano, se realiz\u00f3 la noche de este s\u00e1bado, partiendo desde el jard\u00edn Ju\u00e1rez, con un recorrido a lo largo del callej\u00f3n Allende, hasta arribar a la Plaza Tacuba, calle Ju\u00e1rez y la t\u00edpica vuelta al Jard\u00edn Principal. Luego continu\u00f3 por la calle del Santuario y Aurora para llegar a la Alameda Francisco Garc\u00eda Salinas.<\/p>\n<p><a href=\"https:\/\/enconecte.com\/wp-content\/uploads\/2023\/08\/Imagen-de-WhatsApp-2023-07-30-a-las-11.24.29-copia-1.jpg\"><img loading=\"lazy\" decoding=\"async\" class=\"alignnone size-full wp-image-22782\" src=\"https:\/\/enconecte.com\/wp-content\/uploads\/2023\/08\/Imagen-de-WhatsApp-2023-07-30-a-las-11.24.29-copia-1.jpg\" alt=\"\" width=\"1200\" height=\"800\" \/><\/a><\/p>\n<p>Encabezados por un tamborazo tradicional de esa tierra, as\u00ed como por las botargas gigantes y el burrito del abastecimiento, decenas de personas se integraron a esta actividad que representa el pre\u00e1mbulo del gran final de la Semana del Migrante, que con \u00e9xito ha sido organizada por el ayuntamiento 2021-2024.<\/p>\n<p>Fue un derroche de alegr\u00eda constante y, en varios momentos del recorrido, algunas personas realizaron bailes al ritmo de la m\u00fasica aut\u00e9nticamente jerezana, aprovechando la oportunidad para capturar im\u00e1genes y videos con sus tel\u00e9fonos celulares, as\u00ed como transmitir en vivo. Durante el trayecto, se realizaron quemas de fuegos artificiales, principalmente toritos de p\u00f3lvora, que tambi\u00e9n contribuyeron a darle alegr\u00eda a esta noche tradicional jerezana.<\/p>\n<p>El recorrido concluy\u00f3 en el paseo del migrante, que recientemente se inaugur\u00f3 en la Alameda Municipal, donde se llev\u00f3 a cabo una verbena popular y se continu\u00f3 la fiesta con bailes durante un tiempo considerable\u00a0en\u00a0este\u00a0lugar.<\/p>\n","protected":false},"excerpt":{"rendered":"<div class=\"mh-excerpt\"><p>Al ritmo del tamborazo jerezano se realiz\u00f3 el recorrido por la ciudad Gran ambiente prevaleci\u00f3 durante la callejoneada que, con motivo de la Segunda Semana <a class=\"mh-excerpt-more\" href=\"https:\/\/raicesjerezanas.com\/?p=22912\" title=\"AMBIENTE DE PRIMERA EN LA CALLEJONEADA DE LA SEMANA DEL MIGRANTE\">&#8230;<\/a><\/p>\n<\/div>","protected":false},"author":1,"featured_media":22786,"comment_status":"closed","ping_status":"closed","sticky":false,"template":"","format":"standard","meta":{"footnotes":""},"categories":[102],"tags":[],"class_list":["post-22912","post","type-post","status-publish","format-standard","has-post-thumbnail","hentry","category-noticias-de-jerez"],"_links":{"self":[{"href":"https:\/\/raicesjerezanas.com\/index.php?rest_route=\/wp\/v2\/posts\/22912","targetHints":{"allow":["GET"]}}],"collection":[{"href":"https:\/\/raicesjerezanas.com\/index.php?rest_route=\/wp\/v2\/posts"}],"about":[{"href":"https:\/\/raicesjerezanas.com\/index.php?rest_route=\/wp\/v2\/types\/post"}],"author":[{"embeddable":true,"href":"https:\/\/raicesjerezanas.com\/index.php?rest_route=\/wp\/v2\/users\/1"}],"replies":[{"embeddable":true,"href":"https:\/\/raicesjerezanas.com\/index.php?rest_route=%2Fwp%2Fv2%2Fcomments&post=22912"}],"version-history":[{"count":0,"href":"https:\/\/raicesjerezanas.com\/index.php?rest_route=\/wp\/v2\/posts\/22912\/revisions"}],"wp:featuredmedia":[{"embeddable":true,"href":"https:\/\/raicesjerezanas.com\/index.php?rest_route=\/wp\/v2\/media\/22786"}],"wp:attachment":[{"href":"https:\/\/raicesjerezanas.com\/index.php?rest_route=%2Fwp%2Fv2%2Fmedia&parent=22912"}],"wp:term":[{"taxonomy":"category","embeddable":true,"href":"https:\/\/raicesjerezanas.com\/index.php?rest_route=%2Fwp%2Fv2%2Fcategories&post=22912"},{"taxonomy":"post_tag","embeddable":true,"href":"https:\/\/raicesjerezanas.com\/index.php?rest_route=%2Fwp%2Fv2%2Ftags&post=22912"}],"curies":[{"name":"wp","href":"https:\/\/api.w.org\/{rel}","templated":true}]}}