{"id":22915,"date":"2023-07-31T14:47:40","date_gmt":"2023-07-31T20:47:40","guid":{"rendered":"https:\/\/enconecte.com\/?p=22790"},"modified":"2023-07-31T14:47:40","modified_gmt":"2023-07-31T20:47:40","slug":"espectacular-cierre-de-la-semana-del-migrante-jerezano-en-el-jardin-principal","status":"publish","type":"post","link":"https:\/\/raicesjerezanas.com\/?p=22915","title":{"rendered":"ESPECTACULAR CIERRE DE LA SEMANA DEL MIGRANTE JEREZANO EN EL JARD\u00cdN PRINCIPAL"},"content":{"rendered":"<ul>\n<li>Banda La Chacaloza, Los de Los Cardos y Banda El Ed\u00e9n en el gran evento de despedida<\/li>\n<li>La alegr\u00eda contin\u00faa el pr\u00f3ximo fin de semana con el XI Festival de la Tostada<\/li>\n<\/ul>\n<p>Espectacular cierre de la Semana del Migrante 2023. Se vivi\u00f3 la noche del domingo en la Plaza Principal de Jerez con la actuaci\u00f3n estelar de Banda La Chacaloza, una de las agrupaciones con mayor trayectoria y representatividad en nuestro municipio, dentro de este g\u00e9nero predominante en la m\u00fasica local.<\/p>\n<p>Ante una gran cantidad de p\u00fablico que se congreg\u00f3 en torno al escenario ubicado frente a la presidencia municipal, La Chacaloza dio una muestra de su extenso repertorio que, durante casi dos d\u00e9cadas, la ha llevado a ser una de las preferidas, no solo en el \u00e1mbito regional, sino tambi\u00e9n en Estados Unidos, para deleite de los migrantes radicados en diversos puntos de aquel pa\u00eds.<\/p>\n<p>El espect\u00e1culo inici\u00f3 con la presentaci\u00f3n de La Banda El Ed\u00e9n de Hacienda Nueva, Zacatecas, y el grupo estilo sierre\u00f1o Los de Los Cardos.<\/p>\n<p>En nombre del alcalde Jos\u00e9 Humberto Salazar Contreras, el director de turismo municipal, Francisco Serrano Miranda, clausur\u00f3 las actividades de la Semana del Migrante en su segunda edici\u00f3n, una iniciativa del Ayuntamiento 2021-2024 para reconocer la contribuci\u00f3n de los paisanos que nunca olvidan la tierra que los vio nacer.<\/p>\n<p><a href=\"https:\/\/enconecte.com\/wp-content\/uploads\/2023\/07\/Imagen-de-WhatsApp-2023-07-31-a-slas-06.42.07.jpg\"><img loading=\"lazy\" decoding=\"async\" class=\"alignnone size-full wp-image-22813\" src=\"https:\/\/enconecte.com\/wp-content\/uploads\/2023\/07\/Imagen-de-WhatsApp-2023-07-31-a-slas-06.42.07.jpg\" alt=\"\" width=\"1599\" height=\"1066\" srcset=\"https:\/\/raicesjerezanas.com\/wp-content\/uploads\/2023\/07\/Imagen-de-WhatsApp-2023-07-31-a-slas-06.42.07.jpg 1599w, https:\/\/raicesjerezanas.com\/wp-content\/uploads\/2023\/07\/Imagen-de-WhatsApp-2023-07-31-a-slas-06.42.07-300x200.jpg 300w, https:\/\/raicesjerezanas.com\/wp-content\/uploads\/2023\/07\/Imagen-de-WhatsApp-2023-07-31-a-slas-06.42.07-1024x683.jpg 1024w, https:\/\/raicesjerezanas.com\/wp-content\/uploads\/2023\/07\/Imagen-de-WhatsApp-2023-07-31-a-slas-06.42.07-768x512.jpg 768w, https:\/\/raicesjerezanas.com\/wp-content\/uploads\/2023\/07\/Imagen-de-WhatsApp-2023-07-31-a-slas-06.42.07-1536x1024.jpg 1536w\" sizes=\"auto, (max-width: 1599px) 100vw, 1599px\" \/><\/a><\/p>\n<p>Con el cierre del evento queda abierta la invitaci\u00f3n para el siguiente acontecimiento importante: el XI Festival de la tostada que tendr\u00e1 lugar el pr\u00f3ximo fin de semana y del cual se anunci\u00f3 que Banda La Chacaloza de Jerez ser\u00e1 la madrina. Se dio a conocer que habr\u00e1 una programaci\u00f3n art\u00edstica y cultural, as\u00ed como el desarrollo de concursos y actividades relacionadas con la elaboraci\u00f3n, venta y consumo de este producto de identidad jerezana. La cita es el 5 y 6 de agosto.<\/p>\n","protected":false},"excerpt":{"rendered":"<div class=\"mh-excerpt\"><p>Banda La Chacaloza, Los de Los Cardos y Banda El Ed\u00e9n en el gran evento de despedida La alegr\u00eda contin\u00faa el pr\u00f3ximo fin de semana <a class=\"mh-excerpt-more\" href=\"https:\/\/raicesjerezanas.com\/?p=22915\" title=\"ESPECTACULAR CIERRE DE LA SEMANA DEL MIGRANTE JEREZANO EN EL JARD\u00cdN PRINCIPAL\">&#8230;<\/a><\/p>\n<\/div>","protected":false},"author":1,"featured_media":22812,"comment_status":"closed","ping_status":"closed","sticky":false,"template":"","format":"standard","meta":{"footnotes":""},"categories":[102],"tags":[],"class_list":["post-22915","post","type-post","status-publish","format-standard","has-post-thumbnail","hentry","category-noticias-de-jerez"],"_links":{"self":[{"href":"https:\/\/raicesjerezanas.com\/index.php?rest_route=\/wp\/v2\/posts\/22915","targetHints":{"allow":["GET"]}}],"collection":[{"href":"https:\/\/raicesjerezanas.com\/index.php?rest_route=\/wp\/v2\/posts"}],"about":[{"href":"https:\/\/raicesjerezanas.com\/index.php?rest_route=\/wp\/v2\/types\/post"}],"author":[{"embeddable":true,"href":"https:\/\/raicesjerezanas.com\/index.php?rest_route=\/wp\/v2\/users\/1"}],"replies":[{"embeddable":true,"href":"https:\/\/raicesjerezanas.com\/index.php?rest_route=%2Fwp%2Fv2%2Fcomments&post=22915"}],"version-history":[{"count":0,"href":"https:\/\/raicesjerezanas.com\/index.php?rest_route=\/wp\/v2\/posts\/22915\/revisions"}],"wp:featuredmedia":[{"embeddable":true,"href":"https:\/\/raicesjerezanas.com\/index.php?rest_route=\/wp\/v2\/media\/22812"}],"wp:attachment":[{"href":"https:\/\/raicesjerezanas.com\/index.php?rest_route=%2Fwp%2Fv2%2Fmedia&parent=22915"}],"wp:term":[{"taxonomy":"category","embeddable":true,"href":"https:\/\/raicesjerezanas.com\/index.php?rest_route=%2Fwp%2Fv2%2Fcategories&post=22915"},{"taxonomy":"post_tag","embeddable":true,"href":"https:\/\/raicesjerezanas.com\/index.php?rest_route=%2Fwp%2Fv2%2Ftags&post=22915"}],"curies":[{"name":"wp","href":"https:\/\/api.w.org\/{rel}","templated":true}]}}