{"id":22918,"date":"2023-08-14T15:06:14","date_gmt":"2023-08-14T21:06:14","guid":{"rendered":"https:\/\/enconecte.com\/?p=22914"},"modified":"2023-08-25T16:33:21","modified_gmt":"2023-08-25T22:33:21","slug":"continua-el-cambio-en-la-alameda-inicia-la-segunda-fase-de-la-nueva-iluminacion","status":"publish","type":"post","link":"https:\/\/raicesjerezanas.com\/?p=22918","title":{"rendered":"CONTIN\u00daA EL CAMBIO EN LA ALAMEDA, INICIA LA SEGUNDA FASE DE LA NUEVA ILUMINACI\u00d3N"},"content":{"rendered":"<p>En el contexto de las labores de renovaci\u00f3n completa que el ayuntamiento 2021-2024 est\u00e1 llevando a cabo en la Alameda Francisco Garc\u00eda Salinas, el alcalde Jos\u00e9 Humberto Salazar Contreras inaugur\u00f3 oficialmente la fase de ampliaci\u00f3n del alumbrado p\u00fablico, correspondiente a la segunda etapa del proyecto.<\/p>\n<p>En su discurso, el alcalde reflexion\u00f3 sobre la importancia de respaldar la voluntad con acciones concretas. Subray\u00f3 que este proyecto demuestra tanto la voluntad como la acci\u00f3n, y enfatiz\u00f3 la determinaci\u00f3n de generar el cambio que Jerez tanto necesita. Durante a\u00f1os, la Alameda hab\u00eda quedado estancada debido al abandono de administraciones previas.<\/p>\n<p>El alcalde afirm\u00f3 que esta labor en el parque principal, que ha evolucionado en un espacio familiar propicio para el paseo y el disfrute tranquilo, representa un ejemplo del cambio en la infraestructura y la revitalizaci\u00f3n de lugares p\u00fablicos. La fase inicial de esta restauraci\u00f3n ha sido bien recibida por la comunidad.<\/p>\n<p>El director de Obras y Servicios P\u00fablicos, Alfredo Mar\u00edn Luna, explic\u00f3 que la fase de expansi\u00f3n del alumbrado p\u00fablico que se ha iniciado corresponde a la segunda etapa del proyecto. En esta etapa, se planea instalar 11 postes dobles, sumando un total de 22 luminarias de 50 vatios. Estas luminarias proporcionar\u00e1n iluminaci\u00f3n desde la zona de caminata hacia el \u00e1rea central y la vialidad. Adem\u00e1s, se colocar\u00e1n 41 luminarias de piso y se contempla la instalaci\u00f3n de otras 56 luminarias distribuidas en cada una de las palapas. Como parte del proyecto, se prev\u00e9 la incorporaci\u00f3n de 19 nuevos registros, con un sistema de cableado dise\u00f1ado para prevenir actos vand\u00e1licos, un problema recurrente en \u00e1reas p\u00fablicas.<\/p>\n<p><a href=\"https:\/\/raicesjerezanas.com\/wp-content\/uploads\/2023\/08\/Imagen-de-WhatsApp-2023-08-14-a-las-10.29.57.jpg\"><img loading=\"lazy\" decoding=\"async\" class=\"alignnone size-full wp-image-22915\" src=\"https:\/\/raicesjerezanas.com\/wp-content\/uploads\/2023\/08\/Imagen-de-WhatsApp-2023-08-14-a-las-10.29.57.jpg\" alt=\"\" width=\"1599\" height=\"1066\" \/><\/a><\/p>\n<p>El funcionario asegur\u00f3 que la iluminaci\u00f3n de esta segunda etapa en la parte sur del parque ser\u00e1 similar a la implementada en la fase previa, que lleva en uso varias semanas. Tambi\u00e9n adelant\u00f3 que se tiene programada una tercera fase que involucrar\u00e1 m\u00e1s iniciativas para la Alameda, y se espera que estas acciones puedan comenzar en tres o\u00a0cuatro\u00a0semanas.<\/p>\n","protected":false},"excerpt":{"rendered":"<div class=\"mh-excerpt\"><p>En el contexto de las labores de renovaci\u00f3n completa que el ayuntamiento 2021-2024 est\u00e1 llevando a cabo en la Alameda Francisco Garc\u00eda Salinas, el alcalde <a class=\"mh-excerpt-more\" href=\"https:\/\/raicesjerezanas.com\/?p=22918\" title=\"CONTIN\u00daA EL CAMBIO EN LA ALAMEDA, INICIA LA SEGUNDA FASE DE LA NUEVA ILUMINACI\u00d3N\">&#8230;<\/a><\/p>\n<\/div>","protected":false},"author":1,"featured_media":0,"comment_status":"closed","ping_status":"closed","sticky":false,"template":"","format":"standard","meta":{"footnotes":""},"categories":[108,102],"tags":[],"class_list":["post-22918","post","type-post","status-publish","format-standard","hentry","category-exp","category-noticias-de-jerez"],"_links":{"self":[{"href":"https:\/\/raicesjerezanas.com\/index.php?rest_route=\/wp\/v2\/posts\/22918","targetHints":{"allow":["GET"]}}],"collection":[{"href":"https:\/\/raicesjerezanas.com\/index.php?rest_route=\/wp\/v2\/posts"}],"about":[{"href":"https:\/\/raicesjerezanas.com\/index.php?rest_route=\/wp\/v2\/types\/post"}],"author":[{"embeddable":true,"href":"https:\/\/raicesjerezanas.com\/index.php?rest_route=\/wp\/v2\/users\/1"}],"replies":[{"embeddable":true,"href":"https:\/\/raicesjerezanas.com\/index.php?rest_route=%2Fwp%2Fv2%2Fcomments&post=22918"}],"version-history":[{"count":0,"href":"https:\/\/raicesjerezanas.com\/index.php?rest_route=\/wp\/v2\/posts\/22918\/revisions"}],"wp:attachment":[{"href":"https:\/\/raicesjerezanas.com\/index.php?rest_route=%2Fwp%2Fv2%2Fmedia&parent=22918"}],"wp:term":[{"taxonomy":"category","embeddable":true,"href":"https:\/\/raicesjerezanas.com\/index.php?rest_route=%2Fwp%2Fv2%2Fcategories&post=22918"},{"taxonomy":"post_tag","embeddable":true,"href":"https:\/\/raicesjerezanas.com\/index.php?rest_route=%2Fwp%2Fv2%2Ftags&post=22918"}],"curies":[{"name":"wp","href":"https:\/\/api.w.org\/{rel}","templated":true}]}}