{"id":22922,"date":"2023-08-15T12:34:59","date_gmt":"2023-08-15T18:34:59","guid":{"rendered":"https:\/\/enconecte.com\/?p=22920"},"modified":"2023-08-25T16:33:21","modified_gmt":"2023-08-25T22:33:21","slug":"entregan-apoyos-del-programa-municipalizacion-del-desarrollo-rural-a-210-productores-jerezanos","status":"publish","type":"post","link":"https:\/\/raicesjerezanas.com\/?p=22922","title":{"rendered":"ENTREGAN APOYOS DEL PROGRAMA MUNICIPALIZACI\u00d3N DEL DESARROLLO RURAL A 210 PRODUCTORES JEREZANOS"},"content":{"rendered":"<p>Autoridades municipales y estatales llevaron a cabo la entrega de respaldos correspondientes al programa \u00abMunicipalizaci\u00f3n del Desarrollo Rural\u00bb, tambi\u00e9n conocido como \u00abConcurrencia con Municipios\u00bb. En este programa, se benefici\u00f3 a 210 productores de Jerez, quienes recibieron semillas de avena y fertilizantes. La colaboraci\u00f3n de recursos provino tanto del Ayuntamiento, la Secretar\u00eda del Campo (SECAMPO) como de los propios beneficiarios, alcanzando un total de 2 millones 364 mil 777 pesos.<\/p>\n<p>El evento fue encabezado por el subsecretario del campo, Jos\u00e9 Rodr\u00edguez Garc\u00eda, en representaci\u00f3n de la instancia estatal, y el director de Desarrollo Econ\u00f3mico y Social, David Josafat de la Torre Pinedo, en nombre del alcalde Jos\u00e9 Humberto Salazar Contreras. Acompa\u00f1\u00e1ndolos estuvieron Ram\u00f3n Luj\u00e1n Casas, coordinador regional de enlaces de la SECAMPO, Carlos Eduardo Murillo del Departamento de Desarrollo Rural y El\u00edas Inguanzo Caldera, en representaci\u00f3n de los campesinos.<\/p>\n<p>Durante el evento, David Josafat de la Torre Pinedo reafirm\u00f3 el compromiso del alcalde Jos\u00e9 Humberto Salazar Contreras con los productores rurales, destacando la intenci\u00f3n de fortalecer la actividad agr\u00edcola en la regi\u00f3n. Expres\u00f3 su agradecimiento por el apoyo estatal y reconoci\u00f3 que con esta colaboraci\u00f3n de recursos, se puede alcanzar a beneficiar a un mayor n\u00famero de personas.<\/p>\n<p><a href=\"https:\/\/raicesjerezanas.com\/wp-content\/uploads\/2023\/08\/Imagen-de-WhatsApp-2023-08-15-a-las-18.14.29.jpg\"><img loading=\"lazy\" decoding=\"async\" class=\"alignnone size-full wp-image-22921\" src=\"https:\/\/raicesjerezanas.com\/wp-content\/uploads\/2023\/08\/Imagen-de-WhatsApp-2023-08-15-a-las-18.14.29.jpg\" alt=\"\" width=\"1599\" height=\"1066\" \/><\/a><\/p>\n<p>El subsecretario del campo record\u00f3 que esta entrega cumple con el compromiso establecido tanto por el gobernador del estado, David Monreal \u00c1vila, como por el secretario del campo, en su relaci\u00f3n con el alcalde Jos\u00e9 Humberto Salazar y los campesinos. Subray\u00f3 que los hechos respaldan estas palabras, demostr\u00e1ndose con la distribuci\u00f3n de este material adquirido de manera tripartita.<\/p>\n<p>La distribuci\u00f3n de los apoyos tuvo lugar en las instalaciones de la feria, donde los 210 productores beneficiados recibieron los paquetes de semillas y fertilizantes del programa \u00abMunicipalizaci\u00f3n del Desarrollo Rural\u00bb. Cabe mencionar que estos productores hab\u00edan formalizado su solicitud durante la Expo Agropecuaria Jerez 2023, llevada a cabo los d\u00edas 21\u00a0y\u00a022\u00a0de\u00a0julio.<\/p>\n","protected":false},"excerpt":{"rendered":"<div class=\"mh-excerpt\"><p>Autoridades municipales y estatales llevaron a cabo la entrega de respaldos correspondientes al programa \u00abMunicipalizaci\u00f3n del Desarrollo Rural\u00bb, tambi\u00e9n conocido como \u00abConcurrencia con Municipios\u00bb. En <a class=\"mh-excerpt-more\" href=\"https:\/\/raicesjerezanas.com\/?p=22922\" title=\"ENTREGAN APOYOS DEL PROGRAMA MUNICIPALIZACI\u00d3N DEL DESARROLLO RURAL A 210 PRODUCTORES JEREZANOS\">&#8230;<\/a><\/p>\n<\/div>","protected":false},"author":1,"featured_media":22924,"comment_status":"closed","ping_status":"closed","sticky":false,"template":"","format":"standard","meta":{"footnotes":""},"categories":[108,102],"tags":[],"class_list":["post-22922","post","type-post","status-publish","format-standard","has-post-thumbnail","hentry","category-exp","category-noticias-de-jerez"],"_links":{"self":[{"href":"https:\/\/raicesjerezanas.com\/index.php?rest_route=\/wp\/v2\/posts\/22922","targetHints":{"allow":["GET"]}}],"collection":[{"href":"https:\/\/raicesjerezanas.com\/index.php?rest_route=\/wp\/v2\/posts"}],"about":[{"href":"https:\/\/raicesjerezanas.com\/index.php?rest_route=\/wp\/v2\/types\/post"}],"author":[{"embeddable":true,"href":"https:\/\/raicesjerezanas.com\/index.php?rest_route=\/wp\/v2\/users\/1"}],"replies":[{"embeddable":true,"href":"https:\/\/raicesjerezanas.com\/index.php?rest_route=%2Fwp%2Fv2%2Fcomments&post=22922"}],"version-history":[{"count":0,"href":"https:\/\/raicesjerezanas.com\/index.php?rest_route=\/wp\/v2\/posts\/22922\/revisions"}],"wp:featuredmedia":[{"embeddable":true,"href":"https:\/\/raicesjerezanas.com\/index.php?rest_route=\/wp\/v2\/media\/22924"}],"wp:attachment":[{"href":"https:\/\/raicesjerezanas.com\/index.php?rest_route=%2Fwp%2Fv2%2Fmedia&parent=22922"}],"wp:term":[{"taxonomy":"category","embeddable":true,"href":"https:\/\/raicesjerezanas.com\/index.php?rest_route=%2Fwp%2Fv2%2Fcategories&post=22922"},{"taxonomy":"post_tag","embeddable":true,"href":"https:\/\/raicesjerezanas.com\/index.php?rest_route=%2Fwp%2Fv2%2Ftags&post=22922"}],"curies":[{"name":"wp","href":"https:\/\/api.w.org\/{rel}","templated":true}]}}