{"id":22929,"date":"2023-08-21T22:25:17","date_gmt":"2023-08-22T04:25:17","guid":{"rendered":"https:\/\/enconecte.com\/?p=22929"},"modified":"2023-08-21T22:25:17","modified_gmt":"2023-08-22T04:25:17","slug":"inicia-el-ciclo-escolar-del-xx-aniversario-en-el-tecnologico-nacional-de-mexico-campus-jerez","status":"publish","type":"post","link":"https:\/\/raicesjerezanas.com\/?p=22929","title":{"rendered":"INICIA EL CICLO ESCOLAR DEL XX ANIVERSARIO EN EL TECNOL\u00d3GICO NACIONAL DE M\u00c9XICO &#8211; CAMPUS JEREZ"},"content":{"rendered":"<ul>\n<li>El doctor Salazar realiz\u00f3 la declaratoria inaugural y reconoci\u00f3 la trayectoria de este plantel como pilar de desarrollo en el municipio<\/li>\n<\/ul>\n<p>El alcalde Jos\u00e9 Humberto Salazar Contreras realiz\u00f3 la apertura del ciclo escolar correspondiente al semestre agosto-diciembre 2023, en el Tecnol\u00f3gico Nacional de M\u00e9xico &#8211; Campus Jerez, que en este periodo arribar\u00e1 a sus primeros 20 a\u00f1os de vida, por lo que se programar\u00e1 una semana de actividades de tipo acad\u00e9mico, social y cultural.<\/p>\n<p>La ceremonia tuvo lugar en la plaza c\u00edvica del edificio escolar, en presencia de directivos, docentes, alumnos y personal de apoyo de la instituci\u00f3n, as\u00ed como invitados especiales, entre los que estuvo presente la s\u00edndico Adriana M\u00e1rquez S\u00e1nchez, los directores de Desarrollo Econ\u00f3mico y Social David Josafat de la Torre Pinedo y del SIMAPAJ Marco Antonio Valenzuela Esquivel, as\u00ed como la jefa del departamento de educaci\u00f3n Mar\u00eda Esther Ibarra Guzm\u00e1n.<\/p>\n<p>El director del instituto, Juan Antonio Rangel Trujillo dio la bienvenida a las autoridades y agradeci\u00f3 al alcalde Jos\u00e9 Humberto Salazar Contreras y su equipo de trabajo, el compromiso con la educaci\u00f3n y en especial con este tecnol\u00f3gico, por el apoyo que se le ha bridado; afirm\u00f3 que seguramente ser\u00e1 un ciclo escolar lleno de oportunidades, con una gran cantidad de actividades acad\u00e9micas, con participaci\u00f3n en diversos eventos de car\u00e1cter nacional y adem\u00e1s, se prepara para la celebraci\u00f3n del vig\u00e9simo aniversario de la instituci\u00f3n.<\/p>\n<p>Previo a la declaratoria de inauguraci\u00f3n, el doctor Salazar reconoci\u00f3 a quienes de manera visionaria echaron a andar el proyecto del Campus Jerez hace 20 a\u00f1os, dijo que tener una instituci\u00f3n de este nivel, es un gran logro para el municipio y destac\u00f3 el crecimiento importante que ha tenido en estas dos d\u00e9cadas de servicio, que ha propiciado una gran apertura para la educaci\u00f3n, no s\u00f3lo de Jerez, sino de municipios cercanos e incluso estados colindantes.<\/p>\n<p><a href=\"https:\/\/raicesjerezanas.com\/wp-content\/uploads\/2023\/08\/Imagen-de-WhatsApp-2023-08-21-a-las-15.43.26.jpg\"><img loading=\"lazy\" decoding=\"async\" class=\"alignnone size-full wp-image-22930\" src=\"https:\/\/raicesjerezanas.com\/wp-content\/uploads\/2023\/08\/Imagen-de-WhatsApp-2023-08-21-a-las-15.43.26.jpg\" alt=\"\" width=\"1280\" height=\"853\" srcset=\"https:\/\/raicesjerezanas.com\/wp-content\/uploads\/2023\/08\/Imagen-de-WhatsApp-2023-08-21-a-las-15.43.26.jpg 1280w, https:\/\/raicesjerezanas.com\/wp-content\/uploads\/2023\/08\/Imagen-de-WhatsApp-2023-08-21-a-las-15.43.26-300x200.jpg 300w, https:\/\/raicesjerezanas.com\/wp-content\/uploads\/2023\/08\/Imagen-de-WhatsApp-2023-08-21-a-las-15.43.26-1024x682.jpg 1024w, https:\/\/raicesjerezanas.com\/wp-content\/uploads\/2023\/08\/Imagen-de-WhatsApp-2023-08-21-a-las-15.43.26-768x512.jpg 768w\" sizes=\"auto, (max-width: 1280px) 100vw, 1280px\" \/><\/a><\/p>\n<p>Destac\u00f3 que este tipo de escuelas, son los grandes pilares para el desarrollo social y econ\u00f3mico del municipio y record\u00f3 que la educaci\u00f3n es la \u00fanica salida para sacar adelante al municipio, al estado y el pa\u00eds; afirm\u00f3 que una instituci\u00f3n no la hacen los edificios, la forman sus alumnos y el resultado que den en sus vidas, engrandece al plantel.<\/p>\n<p>Durante el evento, el presidente reconoci\u00f3 la iniciativa de la Sociedad de Alumnos, cuyo presidente Bryan Rivera Murillo, entreg\u00f3 una mesa, raquetas y pelotas de ping pong y otro tipo de material deportivo a la comunidad escolar; en ese sentido, record\u00f3 que el estudio es la parte fundamental, pero tambi\u00e9n se piensa en lo deportivo y la interacci\u00f3n con otros grupos, por lo que felicit\u00f3 a los l\u00edderes estudiantiles.<\/p>\n<p>Asimismo, dese\u00f3 la mejor de las suertes al nuevo director, Juan Antonio Rangel Trujillo y renov\u00f3 el compromiso de trabajar junto con directivos y docentes del instituto, as\u00ed como con sus alumnos, para estar bien organizados y sacar adelante al plantel en su diversos\u00a0proyectos.<\/p>\n","protected":false},"excerpt":{"rendered":"<div class=\"mh-excerpt\"><p>El doctor Salazar realiz\u00f3 la declaratoria inaugural y reconoci\u00f3 la trayectoria de este plantel como pilar de desarrollo en el municipio El alcalde Jos\u00e9 Humberto <a class=\"mh-excerpt-more\" href=\"https:\/\/raicesjerezanas.com\/?p=22929\" title=\"INICIA EL CICLO ESCOLAR DEL XX ANIVERSARIO EN EL TECNOL\u00d3GICO NACIONAL DE M\u00c9XICO &#8211; CAMPUS JEREZ\">&#8230;<\/a><\/p>\n<\/div>","protected":false},"author":1,"featured_media":22930,"comment_status":"closed","ping_status":"closed","sticky":false,"template":"","format":"standard","meta":{"footnotes":""},"categories":[108,102],"tags":[],"class_list":["post-22929","post","type-post","status-publish","format-standard","has-post-thumbnail","hentry","category-exp","category-noticias-de-jerez"],"_links":{"self":[{"href":"https:\/\/raicesjerezanas.com\/index.php?rest_route=\/wp\/v2\/posts\/22929","targetHints":{"allow":["GET"]}}],"collection":[{"href":"https:\/\/raicesjerezanas.com\/index.php?rest_route=\/wp\/v2\/posts"}],"about":[{"href":"https:\/\/raicesjerezanas.com\/index.php?rest_route=\/wp\/v2\/types\/post"}],"author":[{"embeddable":true,"href":"https:\/\/raicesjerezanas.com\/index.php?rest_route=\/wp\/v2\/users\/1"}],"replies":[{"embeddable":true,"href":"https:\/\/raicesjerezanas.com\/index.php?rest_route=%2Fwp%2Fv2%2Fcomments&post=22929"}],"version-history":[{"count":0,"href":"https:\/\/raicesjerezanas.com\/index.php?rest_route=\/wp\/v2\/posts\/22929\/revisions"}],"wp:featuredmedia":[{"embeddable":true,"href":"https:\/\/raicesjerezanas.com\/index.php?rest_route=\/wp\/v2\/media\/22930"}],"wp:attachment":[{"href":"https:\/\/raicesjerezanas.com\/index.php?rest_route=%2Fwp%2Fv2%2Fmedia&parent=22929"}],"wp:term":[{"taxonomy":"category","embeddable":true,"href":"https:\/\/raicesjerezanas.com\/index.php?rest_route=%2Fwp%2Fv2%2Fcategories&post=22929"},{"taxonomy":"post_tag","embeddable":true,"href":"https:\/\/raicesjerezanas.com\/index.php?rest_route=%2Fwp%2Fv2%2Ftags&post=22929"}],"curies":[{"name":"wp","href":"https:\/\/api.w.org\/{rel}","templated":true}]}}