{"id":22932,"date":"2023-08-21T22:27:52","date_gmt":"2023-08-22T04:27:52","guid":{"rendered":"https:\/\/enconecte.com\/?p=22932"},"modified":"2023-08-25T16:33:20","modified_gmt":"2023-08-25T22:33:20","slug":"con-emotiva-conferencia-dif-jerez-arranca-la-semana-del-adulto-mayor","status":"publish","type":"post","link":"https:\/\/raicesjerezanas.com\/?p=22932","title":{"rendered":"CON EMOTIVA CONFERENCIA DIF JEREZ ARRANCA LA SEMANA DEL ADULTO MAYOR"},"content":{"rendered":"<p>Con la conferencia \u201cEl Regalo de los A\u00f1os\u201d el DIF Jerez dio un emotivo inicio a las actividades de la Semana del Adulto Mayor, en busca del reconocimiento e inclusi\u00f3n social de este importante sector de la poblaci\u00f3n.<\/p>\n<p>La presidenta honor\u00edfica del Sistema Municipal, Bertha Alicia Garc\u00eda Duarte, manifest\u00f3 que por la importancia que tienen los adultos mayores en la cultura y en la integraci\u00f3n familiar de cada pa\u00eds, estado o municipio, y por los retos que representa su goce real de derechos, se deben emprender acciones conjuntas entre gobierno y sociedad.<\/p>\n<p>Por tal invit\u00f3 a la ciudadan\u00eda cuidar a las personas de la tercera edad con el mismo amor que ellos cuidaron y se entregaron a sus familias, mientras que a los festejados pidi\u00f3 disfrutar de la etapa por la que est\u00e1n pasando sinti\u00e9ndose orgullosos de haber llegado hasta ella, ya que es un privilegio presenciar el paso de la vida y el crecimiento de los seres queridos con la mayor amplitud posible, expres\u00f3.<\/p>\n<p>La directora del organismo, Jessica Cuevas Cuevas, reiter\u00f3 que para la actual administraci\u00f3n que encabeza el alcalde Jos\u00e9 Humberto Salazar Contreras, los adultos mayores son una prioridad, por lo que continuar\u00e1n las labores resolutivas de sus necesidades m\u00e1s apremiantes.<\/p>\n<p>La conferencia, dirigida por el psicoterapeuta humanista Luis Humberto Espinoza Fern\u00e1ndez, busc\u00f3 sensibilizar a los asistentes sobre la importancia de erradicar los prejuicios para con los adultos mayores, favoreciendo la toma de conciencia sobre la prolongaci\u00f3n de la vida y el valor que esto tiene.<\/p>\n<p>Por ello en interacci\u00f3n cercana con los abuelos presentes, el expositor habl\u00f3 de varios regalos de los que se pueden gozar las personas llegando a la etapa de madurez como son sabidur\u00eda, experiencia, agradecimiento, amor, el disfrute de la vida y\u00a0el\u00a0movimiento.<\/p>\n<p><a href=\"https:\/\/raicesjerezanas.com\/wp-content\/uploads\/2023\/08\/Imagen-de-WhatsApp-2023-08-21-a-las-17.10.07.jpg\"><img loading=\"lazy\" decoding=\"async\" class=\"alignnone size-full wp-image-22934\" src=\"https:\/\/raicesjerezanas.com\/wp-content\/uploads\/2023\/08\/Imagen-de-WhatsApp-2023-08-21-a-las-17.10.07.jpg\" alt=\"\" width=\"1600\" height=\"1066\" srcset=\"https:\/\/raicesjerezanas.com\/wp-content\/uploads\/2023\/08\/Imagen-de-WhatsApp-2023-08-21-a-las-17.10.07.jpg 1600w, https:\/\/raicesjerezanas.com\/wp-content\/uploads\/2023\/08\/Imagen-de-WhatsApp-2023-08-21-a-las-17.10.07-300x200.jpg 300w, https:\/\/raicesjerezanas.com\/wp-content\/uploads\/2023\/08\/Imagen-de-WhatsApp-2023-08-21-a-las-17.10.07-1024x682.jpg 1024w, https:\/\/raicesjerezanas.com\/wp-content\/uploads\/2023\/08\/Imagen-de-WhatsApp-2023-08-21-a-las-17.10.07-768x512.jpg 768w, https:\/\/raicesjerezanas.com\/wp-content\/uploads\/2023\/08\/Imagen-de-WhatsApp-2023-08-21-a-las-17.10.07-1536x1023.jpg 1536w\" sizes=\"auto, (max-width: 1600px) 100vw, 1600px\" \/><\/a><\/p>\n","protected":false},"excerpt":{"rendered":"<div class=\"mh-excerpt\"><p>Con la conferencia \u201cEl Regalo de los A\u00f1os\u201d el DIF Jerez dio un emotivo inicio a las actividades de la Semana del Adulto Mayor, en <a class=\"mh-excerpt-more\" href=\"https:\/\/raicesjerezanas.com\/?p=22932\" title=\"CON EMOTIVA CONFERENCIA DIF JEREZ ARRANCA LA SEMANA DEL ADULTO MAYOR\">&#8230;<\/a><\/p>\n<\/div>","protected":false},"author":1,"featured_media":22933,"comment_status":"closed","ping_status":"closed","sticky":false,"template":"","format":"standard","meta":{"footnotes":""},"categories":[108,102],"tags":[],"class_list":["post-22932","post","type-post","status-publish","format-standard","has-post-thumbnail","hentry","category-exp","category-noticias-de-jerez"],"_links":{"self":[{"href":"https:\/\/raicesjerezanas.com\/index.php?rest_route=\/wp\/v2\/posts\/22932","targetHints":{"allow":["GET"]}}],"collection":[{"href":"https:\/\/raicesjerezanas.com\/index.php?rest_route=\/wp\/v2\/posts"}],"about":[{"href":"https:\/\/raicesjerezanas.com\/index.php?rest_route=\/wp\/v2\/types\/post"}],"author":[{"embeddable":true,"href":"https:\/\/raicesjerezanas.com\/index.php?rest_route=\/wp\/v2\/users\/1"}],"replies":[{"embeddable":true,"href":"https:\/\/raicesjerezanas.com\/index.php?rest_route=%2Fwp%2Fv2%2Fcomments&post=22932"}],"version-history":[{"count":0,"href":"https:\/\/raicesjerezanas.com\/index.php?rest_route=\/wp\/v2\/posts\/22932\/revisions"}],"wp:featuredmedia":[{"embeddable":true,"href":"https:\/\/raicesjerezanas.com\/index.php?rest_route=\/wp\/v2\/media\/22933"}],"wp:attachment":[{"href":"https:\/\/raicesjerezanas.com\/index.php?rest_route=%2Fwp%2Fv2%2Fmedia&parent=22932"}],"wp:term":[{"taxonomy":"category","embeddable":true,"href":"https:\/\/raicesjerezanas.com\/index.php?rest_route=%2Fwp%2Fv2%2Fcategories&post=22932"},{"taxonomy":"post_tag","embeddable":true,"href":"https:\/\/raicesjerezanas.com\/index.php?rest_route=%2Fwp%2Fv2%2Ftags&post=22932"}],"curies":[{"name":"wp","href":"https:\/\/api.w.org\/{rel}","templated":true}]}}