{"id":22935,"date":"2023-08-22T22:29:48","date_gmt":"2023-08-23T04:29:48","guid":{"rendered":"https:\/\/enconecte.com\/?p=22935"},"modified":"2023-08-25T16:33:19","modified_gmt":"2023-08-25T22:33:19","slug":"exitosa-participacion-de-apicultores-jerezanos-en-la-primera-expo-feria-abejas-en-zacatecas-capital","status":"publish","type":"post","link":"https:\/\/raicesjerezanas.com\/?p=22935","title":{"rendered":"EXITOSA PARTICIPACI\u00d3N DE APICULTORES JEREZANOS EN LA PRIMERA EXPO FERIA ABEJAS EN ZACATECAS CAPITAL"},"content":{"rendered":"<p>El pasado 19 y 20 de agosto, un grupo destacado de apicultores jerezanos tom\u00f3 parte en la primera edici\u00f3n de la Expo Feria Abejas, celebrada en la capital del estado, Zacatecas. Este evento, dedicado a resaltar la importancia de la apicultura en el ecosistema y la econom\u00eda local, result\u00f3 ser un rotundo \u00e9xito, reuniendo a entusiastas y expertos de la industria ap\u00edcola.<\/p>\n<p>La Expo Feria Abejas se present\u00f3 como una oportunidad \u00fanica para los apicultores locales de mostrar sus productos y conocimientos, as\u00ed como para aprender de las \u00faltimas tendencias y avances en la apicultura a nivel nacional e internacional. El evento no solo resalt\u00f3 la riqueza y la diversidad de la apicultura, sino que tambi\u00e9n subray\u00f3 su importancia crucial para el equilibrio ecol\u00f3gico y la biodiversidad.<\/p>\n<p>El compromiso del ayuntamiento se reflej\u00f3 en la promoci\u00f3n y difusi\u00f3n de esta actividad primaria tan significativa para el ecosistema, demostrando una vez m\u00e1s su compromiso con el desarrollo sostenible y la prosperidad de los productores locales.<\/p>\n<p>El departamento de Desarrollo Agropecuario del ayuntamiento de Jerez se mantiene firme en su prop\u00f3sito de respaldar a los productores de la regi\u00f3n, entre ellos a los apicultores, quienes desempe\u00f1an un papel vital en la preservaci\u00f3n de la biodiversidad y la producci\u00f3n de alimentos. A trav\u00e9s de su participaci\u00f3n activa en la Expo Feria Abejas y su continuo compromiso con el sector ap\u00edcola, el municipio reafirma su dedicaci\u00f3n para fomentar la prosperidad y el crecimiento de\u00a0la\u00a0comunidad.<\/p>\n<p><a href=\"https:\/\/raicesjerezanas.com\/wp-content\/uploads\/2023\/08\/Imagen-de-WhatsApp-2023-08-22-da-las-12.57.30.jpg\"><img loading=\"lazy\" decoding=\"async\" class=\"alignnone size-medium wp-image-22936\" src=\"https:\/\/raicesjerezanas.com\/wp-content\/uploads\/2023\/08\/Imagen-de-WhatsApp-2023-08-22-da-las-12.57.30-225x300.jpg\" alt=\"\" width=\"225\" height=\"300\" srcset=\"https:\/\/raicesjerezanas.com\/wp-content\/uploads\/2023\/08\/Imagen-de-WhatsApp-2023-08-22-da-las-12.57.30-225x300.jpg 225w, https:\/\/raicesjerezanas.com\/wp-content\/uploads\/2023\/08\/Imagen-de-WhatsApp-2023-08-22-da-las-12.57.30.jpg 768w\" sizes=\"auto, (max-width: 225px) 100vw, 225px\" \/><\/a><\/p>\n","protected":false},"excerpt":{"rendered":"<div class=\"mh-excerpt\"><p>El pasado 19 y 20 de agosto, un grupo destacado de apicultores jerezanos tom\u00f3 parte en la primera edici\u00f3n de la Expo Feria Abejas, celebrada <a class=\"mh-excerpt-more\" href=\"https:\/\/raicesjerezanas.com\/?p=22935\" title=\"EXITOSA PARTICIPACI\u00d3N DE APICULTORES JEREZANOS EN LA PRIMERA EXPO FERIA ABEJAS EN ZACATECAS CAPITAL\">&#8230;<\/a><\/p>\n<\/div>","protected":false},"author":1,"featured_media":22937,"comment_status":"closed","ping_status":"closed","sticky":false,"template":"","format":"standard","meta":{"footnotes":""},"categories":[108,102],"tags":[],"class_list":["post-22935","post","type-post","status-publish","format-standard","has-post-thumbnail","hentry","category-exp","category-noticias-de-jerez"],"_links":{"self":[{"href":"https:\/\/raicesjerezanas.com\/index.php?rest_route=\/wp\/v2\/posts\/22935","targetHints":{"allow":["GET"]}}],"collection":[{"href":"https:\/\/raicesjerezanas.com\/index.php?rest_route=\/wp\/v2\/posts"}],"about":[{"href":"https:\/\/raicesjerezanas.com\/index.php?rest_route=\/wp\/v2\/types\/post"}],"author":[{"embeddable":true,"href":"https:\/\/raicesjerezanas.com\/index.php?rest_route=\/wp\/v2\/users\/1"}],"replies":[{"embeddable":true,"href":"https:\/\/raicesjerezanas.com\/index.php?rest_route=%2Fwp%2Fv2%2Fcomments&post=22935"}],"version-history":[{"count":0,"href":"https:\/\/raicesjerezanas.com\/index.php?rest_route=\/wp\/v2\/posts\/22935\/revisions"}],"wp:featuredmedia":[{"embeddable":true,"href":"https:\/\/raicesjerezanas.com\/index.php?rest_route=\/wp\/v2\/media\/22937"}],"wp:attachment":[{"href":"https:\/\/raicesjerezanas.com\/index.php?rest_route=%2Fwp%2Fv2%2Fmedia&parent=22935"}],"wp:term":[{"taxonomy":"category","embeddable":true,"href":"https:\/\/raicesjerezanas.com\/index.php?rest_route=%2Fwp%2Fv2%2Fcategories&post=22935"},{"taxonomy":"post_tag","embeddable":true,"href":"https:\/\/raicesjerezanas.com\/index.php?rest_route=%2Fwp%2Fv2%2Ftags&post=22935"}],"curies":[{"name":"wp","href":"https:\/\/api.w.org\/{rel}","templated":true}]}}