{"id":22938,"date":"2023-08-22T22:32:25","date_gmt":"2023-08-23T04:32:25","guid":{"rendered":"https:\/\/enconecte.com\/?p=22938"},"modified":"2023-08-25T16:33:19","modified_gmt":"2023-08-25T22:33:19","slug":"festejan-a-los-bomberos-jerezanos-en-su-dia","status":"publish","type":"post","link":"https:\/\/raicesjerezanas.com\/?p=22938","title":{"rendered":"FESTEJAN A LOS BOMBEROS JEREZANOS EN SU D\u00cdA"},"content":{"rendered":"<p>El alcalde Jos\u00e9 Humberto Salazar Contreras felicit\u00f3 a los integrantes del Cuerpo de Bomberos en su d\u00eda y reconoci\u00f3 la labor que desempe\u00f1an como primer contacto en situaciones donde su funci\u00f3n es crucial para salvar vidas. Su trabajo, que requiere valor, gran voluntad y un coraz\u00f3n de ayuda, es fundamental.<\/p>\n<p>Durante la celebraci\u00f3n de esta fecha conmemorativa a nivel nacional, el doctor Salazar comparti\u00f3 tiempo con el grupo de bomberos en su lugar de trabajo. Lo acompa\u00f1aron el secretario de Gobierno Municipal, H\u00e9ctor Hugo Ram\u00edrez Escobedo; el director de Obras y Servicios P\u00fablicos, Alfredo Mar\u00edn Luna; Alonso S\u00e1nchez Bonilla y el coordinador municipal de Protecci\u00f3n Civil, Ra\u00fal Sol\u00eds de la Torre.<\/p>\n<p>El presidente municipal destac\u00f3 que el don principal de los bomberos jerezanos es su disposici\u00f3n para resolver problemas, a pesar de enfrentar situaciones desconocidas. Afrontan contingencias sin conocer su naturaleza exacta, pero est\u00e1n siempre preparados para momentos cr\u00edticos con el objetivo de salvar vidas.<\/p>\n<p>Por ello, reiter\u00f3 sus felicitaciones en esta fecha especial, instando a mantener el entusiasmo que los caracteriza. Asimismo, mencion\u00f3 que el gobierno municipal que lidera se ha esforzado por proporcionarles las herramientas necesarias para mejorar su desempe\u00f1o y continuar\u00e1\u00a0haci\u00e9ndolo.<\/p>\n<div id='gallery-1' class='gallery galleryid-22938 gallery-columns-2 gallery-size-thumbnail'><figure class='gallery-item'>\n\t\t\t<div class='gallery-icon landscape'>\n\t\t\t\t<a href='https:\/\/raicesjerezanas.com\/?attachment_id=22940'><img loading=\"lazy\" decoding=\"async\" width=\"150\" height=\"150\" src=\"https:\/\/raicesjerezanas.com\/wp-content\/uploads\/2023\/08\/Imagen-de-WhatsApp-2023-08-22-a-las-21.24.58-150x150.jpg\" class=\"attachment-thumbnail size-thumbnail\" alt=\"\" \/><\/a>\n\t\t\t<\/div><\/figure><figure class='gallery-item'>\n\t\t\t<div class='gallery-icon landscape'>\n\t\t\t\t<a href='https:\/\/raicesjerezanas.com\/?attachment_id=22941'><img loading=\"lazy\" decoding=\"async\" width=\"150\" height=\"150\" src=\"https:\/\/raicesjerezanas.com\/wp-content\/uploads\/2023\/08\/Imagen-de-WhatsApp-2023-08-22-a-las-21.24.59-150x150.jpg\" class=\"attachment-thumbnail size-thumbnail\" alt=\"\" \/><\/a>\n\t\t\t<\/div><\/figure>\n\t\t<\/div>\n\n","protected":false},"excerpt":{"rendered":"<div class=\"mh-excerpt\"><p>El alcalde Jos\u00e9 Humberto Salazar Contreras felicit\u00f3 a los integrantes del Cuerpo de Bomberos en su d\u00eda y reconoci\u00f3 la labor que desempe\u00f1an como primer <a class=\"mh-excerpt-more\" href=\"https:\/\/raicesjerezanas.com\/?p=22938\" title=\"FESTEJAN A LOS BOMBEROS JEREZANOS EN SU D\u00cdA\">&#8230;<\/a><\/p>\n<\/div>","protected":false},"author":1,"featured_media":22940,"comment_status":"closed","ping_status":"closed","sticky":false,"template":"","format":"standard","meta":{"footnotes":""},"categories":[108,102],"tags":[],"class_list":["post-22938","post","type-post","status-publish","format-standard","has-post-thumbnail","hentry","category-exp","category-noticias-de-jerez"],"_links":{"self":[{"href":"https:\/\/raicesjerezanas.com\/index.php?rest_route=\/wp\/v2\/posts\/22938","targetHints":{"allow":["GET"]}}],"collection":[{"href":"https:\/\/raicesjerezanas.com\/index.php?rest_route=\/wp\/v2\/posts"}],"about":[{"href":"https:\/\/raicesjerezanas.com\/index.php?rest_route=\/wp\/v2\/types\/post"}],"author":[{"embeddable":true,"href":"https:\/\/raicesjerezanas.com\/index.php?rest_route=\/wp\/v2\/users\/1"}],"replies":[{"embeddable":true,"href":"https:\/\/raicesjerezanas.com\/index.php?rest_route=%2Fwp%2Fv2%2Fcomments&post=22938"}],"version-history":[{"count":0,"href":"https:\/\/raicesjerezanas.com\/index.php?rest_route=\/wp\/v2\/posts\/22938\/revisions"}],"wp:featuredmedia":[{"embeddable":true,"href":"https:\/\/raicesjerezanas.com\/index.php?rest_route=\/wp\/v2\/media\/22940"}],"wp:attachment":[{"href":"https:\/\/raicesjerezanas.com\/index.php?rest_route=%2Fwp%2Fv2%2Fmedia&parent=22938"}],"wp:term":[{"taxonomy":"category","embeddable":true,"href":"https:\/\/raicesjerezanas.com\/index.php?rest_route=%2Fwp%2Fv2%2Fcategories&post=22938"},{"taxonomy":"post_tag","embeddable":true,"href":"https:\/\/raicesjerezanas.com\/index.php?rest_route=%2Fwp%2Fv2%2Ftags&post=22938"}],"curies":[{"name":"wp","href":"https:\/\/api.w.org\/{rel}","templated":true}]}}