{"id":2294,"date":"2019-10-15T20:16:08","date_gmt":"2019-10-16T01:16:08","guid":{"rendered":"https:\/\/raicesjerezanas.com\/?p=2294"},"modified":"2019-10-15T20:16:08","modified_gmt":"2019-10-16T01:16:08","slug":"concluyen-trabajos-de-limpia-en-panteones-municipales-de-jerez","status":"publish","type":"post","link":"https:\/\/raicesjerezanas.com\/?p=2294","title":{"rendered":"CONCLUYEN TRABAJOS DE LIMPIA EN PANTEONES MUNICIPALES DE JEREZ"},"content":{"rendered":"<p>Tras una semana de intervenci\u00f3n concluyeron los trabajos de limpia en los panteones Calvario, Soledad y la Inmaculada, a cargo de la Subdirecci\u00f3n de Servicios P\u00fablicos del Ayuntamiento de Jerez.<\/p>\n<p>Su titular, Heber de la Cruz, precis\u00f3 que las cuadrillas del Departamento de Limpia cargaron m\u00e1s de ocho camiones de basura con la maleza, carrizos, flores artificiales y m\u00e1s art\u00edculos retirados que afectaban la imagen y las condiciones de salubridad para los visitantes.<\/p>\n<p>Tras concluir, el personal comenzar\u00e1 una nueva jornada de trabajo en el Pante\u00f3n Museo de Dolores, donde esperan terminar esta misma semana con el corte de zacate que en algunas secciones alcanza hasta un metro de altura.<\/p>\n<p>El funcionario municipal agreg\u00f3 que a la par contin\u00faan los trabajos de bacheo, pinta, se\u00f1al\u00e9tica vial y alumbrado p\u00fablico para que los cementerios queden en \u00f3ptimas condiciones para la celebraci\u00f3n del D\u00eda de Muertos.<\/p>\n","protected":false},"excerpt":{"rendered":"<div class=\"mh-excerpt\"><p>Tras una semana de intervenci\u00f3n concluyeron los trabajos de limpia en los panteones Calvario, Soledad y la Inmaculada, a cargo de la Subdirecci\u00f3n de Servicios <a class=\"mh-excerpt-more\" href=\"https:\/\/raicesjerezanas.com\/?p=2294\" title=\"CONCLUYEN TRABAJOS DE LIMPIA EN PANTEONES MUNICIPALES DE JEREZ\">&#8230;<\/a><\/p>\n<\/div>","protected":false},"author":1,"featured_media":2295,"comment_status":"closed","ping_status":"closed","sticky":false,"template":"","format":"standard","meta":{"footnotes":""},"categories":[],"tags":[],"class_list":["post-2294","post","type-post","status-publish","format-standard","has-post-thumbnail","hentry"],"_links":{"self":[{"href":"https:\/\/raicesjerezanas.com\/index.php?rest_route=\/wp\/v2\/posts\/2294","targetHints":{"allow":["GET"]}}],"collection":[{"href":"https:\/\/raicesjerezanas.com\/index.php?rest_route=\/wp\/v2\/posts"}],"about":[{"href":"https:\/\/raicesjerezanas.com\/index.php?rest_route=\/wp\/v2\/types\/post"}],"author":[{"embeddable":true,"href":"https:\/\/raicesjerezanas.com\/index.php?rest_route=\/wp\/v2\/users\/1"}],"replies":[{"embeddable":true,"href":"https:\/\/raicesjerezanas.com\/index.php?rest_route=%2Fwp%2Fv2%2Fcomments&post=2294"}],"version-history":[{"count":0,"href":"https:\/\/raicesjerezanas.com\/index.php?rest_route=\/wp\/v2\/posts\/2294\/revisions"}],"wp:featuredmedia":[{"embeddable":true,"href":"https:\/\/raicesjerezanas.com\/index.php?rest_route=\/wp\/v2\/media\/2295"}],"wp:attachment":[{"href":"https:\/\/raicesjerezanas.com\/index.php?rest_route=%2Fwp%2Fv2%2Fmedia&parent=2294"}],"wp:term":[{"taxonomy":"category","embeddable":true,"href":"https:\/\/raicesjerezanas.com\/index.php?rest_route=%2Fwp%2Fv2%2Fcategories&post=2294"},{"taxonomy":"post_tag","embeddable":true,"href":"https:\/\/raicesjerezanas.com\/index.php?rest_route=%2Fwp%2Fv2%2Ftags&post=2294"}],"curies":[{"name":"wp","href":"https:\/\/api.w.org\/{rel}","templated":true}]}}