{"id":22942,"date":"2023-08-15T15:09:29","date_gmt":"2023-08-15T21:09:29","guid":{"rendered":"https:\/\/enconecte.com\/?p=22917"},"modified":"2023-08-25T16:33:21","modified_gmt":"2023-08-25T22:33:21","slug":"inicia-ampliacion-de-red-electrica-en-privada-la-muralla-de-la-colonia-constituyentes","status":"publish","type":"post","link":"https:\/\/raicesjerezanas.com\/?p=22942","title":{"rendered":"INICIA AMPLIACI\u00d3N DE RED EL\u00c9CTRICA EN PRIVADA LA MURALLA DE LA COLONIA CONSTITUYENTES"},"content":{"rendered":"<p>Se han iniciado los trabajos de ampliaci\u00f3n de la red el\u00e9ctrica en la privada La Muralla de la Colonia Constituyentes. Esta obra incluye la instalaci\u00f3n de postes, tendido de 50 metros de cableado, l\u00e1mparas LED y la instalaci\u00f3n de un transformador nuevo, ya que el anterior resultaba insuficiente. Esto cumple con el objetivo del actual gobierno de proporcionar servicios el\u00e9ctricos a las familias que carec\u00edan de energ\u00eda en sus hogares.<\/p>\n<p>El presidente Jos\u00e9 Humberto Salazar Contreras encabez\u00f3 el acto de inicio de la obra, en compa\u00f1\u00eda de los regidores Elizabeth Murillo Guerrero y Enrique Saucedo Moreno, as\u00ed como del director de Obras y Servicios P\u00fablicos, Alfredo Mar\u00edn Luna, y el director de Desarrollo Econ\u00f3mico y Social, David Josafat de la Torre Pinedo. Tambi\u00e9n estuvieron presentes vecinos del lugar.<\/p>\n<p>En representaci\u00f3n de los beneficiarios, el delegado V\u00edctor Sandoval Fern\u00e1ndez se\u00f1al\u00f3 que hab\u00edan estado solicitando este servicio desde hace muchos a\u00f1os, y finalmente se ha convertido en realidad gracias a la respuesta positiva del doctor Salazar. Expres\u00f3 su agradecimiento al presidente y a su equipo de trabajo por hacerlo posible.<\/p>\n<p>El alcalde record\u00f3 que esta obra fue una de las promesas de campa\u00f1a y un tema pendiente que ten\u00eda en mente desde el inicio de su gobierno. Lament\u00f3 que la privada La Muralla y otras \u00e1reas hubieran sido olvidadas durante a\u00f1os por administraciones anteriores. Reafirm\u00f3 su compromiso de continuar trabajando con prioridad en los sectores m\u00e1s desfavorecidos y en las colonias marginadas\u00a0de\u00a0Jerez.<\/p>\n<p><a href=\"https:\/\/raicesjerezanas.com\/wp-content\/uploads\/2023\/08\/Imagen-de-WhatsApp-2023-08-15-a-las-10.53.42.jpg\"><img loading=\"lazy\" decoding=\"async\" class=\"alignnone size-full wp-image-22919\" src=\"https:\/\/raicesjerezanas.com\/wp-content\/uploads\/2023\/08\/Imagen-de-WhatsApp-2023-08-15-a-las-10.53.42.jpg\" alt=\"\" width=\"1599\" height=\"1066\" \/><\/a><\/p>\n","protected":false},"excerpt":{"rendered":"<div class=\"mh-excerpt\"><p>Se han iniciado los trabajos de ampliaci\u00f3n de la red el\u00e9ctrica en la privada La Muralla de la Colonia Constituyentes. Esta obra incluye la instalaci\u00f3n <a class=\"mh-excerpt-more\" href=\"https:\/\/raicesjerezanas.com\/?p=22942\" title=\"INICIA AMPLIACI\u00d3N DE RED EL\u00c9CTRICA EN PRIVADA LA MURALLA DE LA COLONIA CONSTITUYENTES\">&#8230;<\/a><\/p>\n<\/div>","protected":false},"author":1,"featured_media":22920,"comment_status":"closed","ping_status":"closed","sticky":false,"template":"","format":"standard","meta":{"footnotes":""},"categories":[108,102],"tags":[],"class_list":["post-22942","post","type-post","status-publish","format-standard","has-post-thumbnail","hentry","category-exp","category-noticias-de-jerez"],"_links":{"self":[{"href":"https:\/\/raicesjerezanas.com\/index.php?rest_route=\/wp\/v2\/posts\/22942","targetHints":{"allow":["GET"]}}],"collection":[{"href":"https:\/\/raicesjerezanas.com\/index.php?rest_route=\/wp\/v2\/posts"}],"about":[{"href":"https:\/\/raicesjerezanas.com\/index.php?rest_route=\/wp\/v2\/types\/post"}],"author":[{"embeddable":true,"href":"https:\/\/raicesjerezanas.com\/index.php?rest_route=\/wp\/v2\/users\/1"}],"replies":[{"embeddable":true,"href":"https:\/\/raicesjerezanas.com\/index.php?rest_route=%2Fwp%2Fv2%2Fcomments&post=22942"}],"version-history":[{"count":0,"href":"https:\/\/raicesjerezanas.com\/index.php?rest_route=\/wp\/v2\/posts\/22942\/revisions"}],"wp:featuredmedia":[{"embeddable":true,"href":"https:\/\/raicesjerezanas.com\/index.php?rest_route=\/wp\/v2\/media\/22920"}],"wp:attachment":[{"href":"https:\/\/raicesjerezanas.com\/index.php?rest_route=%2Fwp%2Fv2%2Fmedia&parent=22942"}],"wp:term":[{"taxonomy":"category","embeddable":true,"href":"https:\/\/raicesjerezanas.com\/index.php?rest_route=%2Fwp%2Fv2%2Fcategories&post=22942"},{"taxonomy":"post_tag","embeddable":true,"href":"https:\/\/raicesjerezanas.com\/index.php?rest_route=%2Fwp%2Fv2%2Ftags&post=22942"}],"curies":[{"name":"wp","href":"https:\/\/api.w.org\/{rel}","templated":true}]}}