{"id":22944,"date":"2023-08-19T12:44:07","date_gmt":"2023-08-19T18:44:07","guid":{"rendered":"https:\/\/enconecte.com\/?p=22926"},"modified":"2023-08-25T16:33:20","modified_gmt":"2023-08-25T22:33:20","slug":"llego-a-su-fin-el-curso-de-verano-2023-en-los-talleres-de-iniciacion-artistica","status":"publish","type":"post","link":"https:\/\/raicesjerezanas.com\/?p=22944","title":{"rendered":"LLEG\u00d3 A SU FIN EL CURSO DE VERANO 2023 EN LOS TALLERES DE INICIACI\u00d3N ART\u00cdSTICA"},"content":{"rendered":"<p>Finaliz\u00f3 el Curso de Verano 2023 de los talleres de iniciaci\u00f3n art\u00edstica organizados por el Instituto Jerezano de Cultura (IJC). Estos talleres se llevaron a cabo a lo largo de tres semanas y contaron con la participaci\u00f3n de 80 ni\u00f1os con edades comprendidas entre los 4 y los 12 a\u00f1os. Durante este periodo, se abordaron disciplinas como sensibilizaci\u00f3n cultural, iniciaci\u00f3n a las artes, danza, dibujo y pintura.<\/p>\n<p>Durante 26 a\u00f1os, estos talleres han desempe\u00f1ado un papel fundamental al brindar a los ni\u00f1os un acercamiento temprano al mundo del arte. A lo largo del a\u00f1o, se planifican tres etapas de formaci\u00f3n, que incluyen dos cursos regulares con una duraci\u00f3n de un semestre cada uno, adem\u00e1s del curso de verano, que se presenta como una alternativa para que los ni\u00f1os puedan participar en actividades durante el receso escolar.<\/p>\n<p>La coordinadora de los talleres, Imelda Luna Hern\u00e1ndez, inform\u00f3 que las inscripciones para el pr\u00f3ximo curso, que se desarrollar\u00e1 de septiembre a enero, se llevar\u00e1n a cabo del 28 al 31 de agosto. En esta nueva oferta de talleres se incluyen ocho opciones: ense\u00f1anza musical, ingl\u00e9s, danza cl\u00e1sica y jazz, ballet cl\u00e1sico, danza folkl\u00f3rica, dibujo y pintura, iniciaci\u00f3n a las artes, y sensibilizaci\u00f3n cultural.<\/p>\n<p>El costo de inscripci\u00f3n es de 230 pesos, y las personas interesadas pueden obtener m\u00e1s informaci\u00f3n en la oficina de los talleres ubicada en el Teatro\u00a0Hinojosa.<\/p>\n<p><a href=\"https:\/\/raicesjerezanas.com\/wp-content\/uploads\/2023\/08\/Imagen-de-WhatsApp-2023-08-19-a-las-09.19.28.jpg\"><img loading=\"lazy\" decoding=\"async\" class=\"alignnone size-full wp-image-22928\" src=\"https:\/\/raicesjerezanas.com\/wp-content\/uploads\/2023\/08\/Imagen-de-WhatsApp-2023-08-19-a-las-09.19.28.jpg\" alt=\"\" width=\"1599\" height=\"1066\" srcset=\"https:\/\/raicesjerezanas.com\/wp-content\/uploads\/2023\/08\/Imagen-de-WhatsApp-2023-08-19-a-las-09.19.28.jpg 1599w, https:\/\/raicesjerezanas.com\/wp-content\/uploads\/2023\/08\/Imagen-de-WhatsApp-2023-08-19-a-las-09.19.28-300x200.jpg 300w, https:\/\/raicesjerezanas.com\/wp-content\/uploads\/2023\/08\/Imagen-de-WhatsApp-2023-08-19-a-las-09.19.28-1024x683.jpg 1024w, https:\/\/raicesjerezanas.com\/wp-content\/uploads\/2023\/08\/Imagen-de-WhatsApp-2023-08-19-a-las-09.19.28-768x512.jpg 768w, https:\/\/raicesjerezanas.com\/wp-content\/uploads\/2023\/08\/Imagen-de-WhatsApp-2023-08-19-a-las-09.19.28-1536x1024.jpg 1536w\" sizes=\"auto, (max-width: 1599px) 100vw, 1599px\" \/><\/a><\/p>\n","protected":false},"excerpt":{"rendered":"<div class=\"mh-excerpt\"><p>Finaliz\u00f3 el Curso de Verano 2023 de los talleres de iniciaci\u00f3n art\u00edstica organizados por el Instituto Jerezano de Cultura (IJC). Estos talleres se llevaron a <a class=\"mh-excerpt-more\" href=\"https:\/\/raicesjerezanas.com\/?p=22944\" title=\"LLEG\u00d3 A SU FIN EL CURSO DE VERANO 2023 EN LOS TALLERES DE INICIACI\u00d3N ART\u00cdSTICA\">&#8230;<\/a><\/p>\n<\/div>","protected":false},"author":1,"featured_media":22927,"comment_status":"closed","ping_status":"closed","sticky":false,"template":"","format":"standard","meta":{"footnotes":""},"categories":[108,102],"tags":[],"class_list":["post-22944","post","type-post","status-publish","format-standard","has-post-thumbnail","hentry","category-exp","category-noticias-de-jerez"],"_links":{"self":[{"href":"https:\/\/raicesjerezanas.com\/index.php?rest_route=\/wp\/v2\/posts\/22944","targetHints":{"allow":["GET"]}}],"collection":[{"href":"https:\/\/raicesjerezanas.com\/index.php?rest_route=\/wp\/v2\/posts"}],"about":[{"href":"https:\/\/raicesjerezanas.com\/index.php?rest_route=\/wp\/v2\/types\/post"}],"author":[{"embeddable":true,"href":"https:\/\/raicesjerezanas.com\/index.php?rest_route=\/wp\/v2\/users\/1"}],"replies":[{"embeddable":true,"href":"https:\/\/raicesjerezanas.com\/index.php?rest_route=%2Fwp%2Fv2%2Fcomments&post=22944"}],"version-history":[{"count":0,"href":"https:\/\/raicesjerezanas.com\/index.php?rest_route=\/wp\/v2\/posts\/22944\/revisions"}],"wp:featuredmedia":[{"embeddable":true,"href":"https:\/\/raicesjerezanas.com\/index.php?rest_route=\/wp\/v2\/media\/22927"}],"wp:attachment":[{"href":"https:\/\/raicesjerezanas.com\/index.php?rest_route=%2Fwp%2Fv2%2Fmedia&parent=22944"}],"wp:term":[{"taxonomy":"category","embeddable":true,"href":"https:\/\/raicesjerezanas.com\/index.php?rest_route=%2Fwp%2Fv2%2Fcategories&post=22944"},{"taxonomy":"post_tag","embeddable":true,"href":"https:\/\/raicesjerezanas.com\/index.php?rest_route=%2Fwp%2Fv2%2Ftags&post=22944"}],"curies":[{"name":"wp","href":"https:\/\/api.w.org\/{rel}","templated":true}]}}