{"id":22964,"date":"2023-08-26T15:33:45","date_gmt":"2023-08-26T21:33:45","guid":{"rendered":"https:\/\/enconecte.com\/?p=22964"},"modified":"2023-08-26T15:33:45","modified_gmt":"2023-08-26T21:33:45","slug":"galardonan-a-destacados-jerezanos-con-el-premio-municipal-de-la-juventud-2023","status":"publish","type":"post","link":"https:\/\/raicesjerezanas.com\/?p=22964","title":{"rendered":"GALARDONAN A DESTACADOS JEREZANOS CON EL PREMIO MUNICIPAL DE LA JUVENTUD 2023"},"content":{"rendered":"<p>Los j\u00f3venes jerezanos Karol Yosel\u00edn Ultreras de Luna, Crista D\u00edaz Carrillo, Jenaro P\u00e9rez S\u00e1nchez y Humberto Alejandro Murillo Fern\u00e1ndez fueron galardonados con el Premio Municipal de la Juventud 2023, otorgado por el Ayuntamiento Municipal, con el objetivo de incentivar y reconocer a los j\u00f3venes que han demostrado un destacado desempe\u00f1o en \u00e1reas como logro acad\u00e9mico, art\u00edstico y cultural, logro deportivo y logro emprendedor.<\/p>\n<p>En representaci\u00f3n del alcalde Jos\u00e9 Humberto Salazar Contreras, el director de Desarrollo Econ\u00f3mico y Social, David Josafat de la Torre Pinedo, encabez\u00f3 el evento, acompa\u00f1ado por el director del Instituto de la Juventud del Estado de Zacatecas, Mauricio Acevedo Rodr\u00edguez, la coordinadora del Instituto Jerezano de la Juventud, Laura Marlineth Carrillo D\u00edaz, el regidor Luis Mario Mart\u00ednez Aparicio y el director de Turismo Municipal, Francisco Serrano Miranda.<\/p>\n<p>Durante la ceremonia celebrada en el foyer del Teatro Hinojosa, De la Torre Pinedo destac\u00f3 que en esta ocasi\u00f3n no solo se reconocen logros individuales, sino que tambi\u00e9n se celebra la diversidad de talentos y habilidades que los j\u00f3venes aportan a la comunidad. Afirm\u00f3 que, a trav\u00e9s de su dedicaci\u00f3n y esfuerzo, los j\u00f3venes est\u00e1n allanando el camino para el progreso y la prosperidad de Jerez.<\/p>\n<p>Por su parte, el titular de la instancia estatal resalt\u00f3 que, ante la situaci\u00f3n compleja, es importante observar c\u00f3mo los j\u00f3venes est\u00e1n tomando acciones, al igual que los galardonados, quienes se han embarcado en emprendimientos y han demostrado su excelencia en diferentes campos. Son un ejemplo no solo para los j\u00f3venes de hoy, sino tambi\u00e9n para las generaciones futuras. Elogi\u00f3 los esfuerzos realizados por el Ayuntamiento a trav\u00e9s de la coordinaci\u00f3n de la juventud en Jerez, logrando mucho con los recursos disponibles.<\/p>\n<p>&nbsp;<\/p>\n<p><a href=\"https:\/\/raicesjerezanas.com\/wp-content\/uploads\/2023\/09\/Imagen-de-WhatsApp-2023-08-26-a-las-07.12.59.jpg\"><img loading=\"lazy\" decoding=\"async\" class=\"alignnone size-large wp-image-22961\" src=\"https:\/\/raicesjerezanas.com\/wp-content\/uploads\/2023\/09\/Imagen-de-WhatsApp-2023-08-26-a-las-07.12.59-1024x678.jpg\" alt=\"\" width=\"640\" height=\"424\" srcset=\"https:\/\/raicesjerezanas.com\/wp-content\/uploads\/2023\/09\/Imagen-de-WhatsApp-2023-08-26-a-las-07.12.59-1024x678.jpg 1024w, https:\/\/raicesjerezanas.com\/wp-content\/uploads\/2023\/09\/Imagen-de-WhatsApp-2023-08-26-a-las-07.12.59-300x199.jpg 300w, https:\/\/raicesjerezanas.com\/wp-content\/uploads\/2023\/09\/Imagen-de-WhatsApp-2023-08-26-a-las-07.12.59-768x509.jpg 768w, https:\/\/raicesjerezanas.com\/wp-content\/uploads\/2023\/09\/Imagen-de-WhatsApp-2023-08-26-a-las-07.12.59-1536x1018.jpg 1536w, https:\/\/raicesjerezanas.com\/wp-content\/uploads\/2023\/09\/Imagen-de-WhatsApp-2023-08-26-a-las-07.12.59.jpg 1600w\" sizes=\"auto, (max-width: 640px) 100vw, 640px\" \/><\/a><\/p>\n<p>Marlineth Carrillo D\u00edaz resalt\u00f3 que los j\u00f3venes premiados han demostrado que la dedicaci\u00f3n y el trabajo arduo pueden superar barreras y alcanzar metas extraordinarias. Afirm\u00f3 que cada uno de ellos es un ejemplo vivo de lo que la juventud puede lograr cuando se compromete con pasi\u00f3n y determinaci\u00f3n.<\/p>\n<p>De esta manera, se entreg\u00f3 el galard\u00f3n a la fisioterapeuta Crista D\u00edaz Carrillo, quien se destaca por su trabajo con personas que padecen esclerosis m\u00faltiple, adem\u00e1s de ser la encargada de atender a los atletas de los Titanes de Jerez y a la selecci\u00f3n de f\u00fatbol femenil Rayadas de Jerez. Asimismo, se reconoci\u00f3 al exitoso ciclista Jenaro P\u00e9rez S\u00e1nchez, campe\u00f3n nacional y representante de M\u00e9xico en prestigiosas competencias internacionales. Igualmente, se galardon\u00f3 a la estudiante Karol Yorlein Ultreras de Luna y al psic\u00f3logo, investigador, escritor y columnista Humberto Alejandro Murillo\u00a0Fern\u00e1ndez.<\/p>\n","protected":false},"excerpt":{"rendered":"<div class=\"mh-excerpt\"><p>Los j\u00f3venes jerezanos Karol Yosel\u00edn Ultreras de Luna, Crista D\u00edaz Carrillo, Jenaro P\u00e9rez S\u00e1nchez y Humberto Alejandro Murillo Fern\u00e1ndez fueron galardonados con el Premio Municipal <a class=\"mh-excerpt-more\" href=\"https:\/\/raicesjerezanas.com\/?p=22964\" title=\"GALARDONAN A DESTACADOS JEREZANOS CON EL PREMIO MUNICIPAL DE LA JUVENTUD 2023\">&#8230;<\/a><\/p>\n<\/div>","protected":false},"author":1,"featured_media":22960,"comment_status":"closed","ping_status":"closed","sticky":false,"template":"","format":"standard","meta":{"footnotes":""},"categories":[108,102],"tags":[],"class_list":["post-22964","post","type-post","status-publish","format-standard","has-post-thumbnail","hentry","category-exp","category-noticias-de-jerez"],"_links":{"self":[{"href":"https:\/\/raicesjerezanas.com\/index.php?rest_route=\/wp\/v2\/posts\/22964","targetHints":{"allow":["GET"]}}],"collection":[{"href":"https:\/\/raicesjerezanas.com\/index.php?rest_route=\/wp\/v2\/posts"}],"about":[{"href":"https:\/\/raicesjerezanas.com\/index.php?rest_route=\/wp\/v2\/types\/post"}],"author":[{"embeddable":true,"href":"https:\/\/raicesjerezanas.com\/index.php?rest_route=\/wp\/v2\/users\/1"}],"replies":[{"embeddable":true,"href":"https:\/\/raicesjerezanas.com\/index.php?rest_route=%2Fwp%2Fv2%2Fcomments&post=22964"}],"version-history":[{"count":0,"href":"https:\/\/raicesjerezanas.com\/index.php?rest_route=\/wp\/v2\/posts\/22964\/revisions"}],"wp:featuredmedia":[{"embeddable":true,"href":"https:\/\/raicesjerezanas.com\/index.php?rest_route=\/wp\/v2\/media\/22960"}],"wp:attachment":[{"href":"https:\/\/raicesjerezanas.com\/index.php?rest_route=%2Fwp%2Fv2%2Fmedia&parent=22964"}],"wp:term":[{"taxonomy":"category","embeddable":true,"href":"https:\/\/raicesjerezanas.com\/index.php?rest_route=%2Fwp%2Fv2%2Fcategories&post=22964"},{"taxonomy":"post_tag","embeddable":true,"href":"https:\/\/raicesjerezanas.com\/index.php?rest_route=%2Fwp%2Fv2%2Ftags&post=22964"}],"curies":[{"name":"wp","href":"https:\/\/api.w.org\/{rel}","templated":true}]}}