{"id":22965,"date":"2023-08-26T15:36:44","date_gmt":"2023-08-26T21:36:44","guid":{"rendered":"https:\/\/enconecte.com\/?p=22965"},"modified":"2023-08-26T15:36:44","modified_gmt":"2023-08-26T21:36:44","slug":"egresan-nuevos-profesionsitas-de-la-licenciatura-en-turismo","status":"publish","type":"post","link":"https:\/\/raicesjerezanas.com\/?p=22965","title":{"rendered":"EGRESAN NUEVOS PROFESIONSITAS DE LA LICENCIATURA EN TURISMO"},"content":{"rendered":"<p>Autoridades universitarias y representantes del gobierno municipal encabezaron la ceremonia de graduaci\u00f3n de ocho nuevos profesionistas egresados de la Licenciatura en Turismo, formados en el campus Jerez de la Universidad Aut\u00f3noma de Zacatecas (UAZ).<\/p>\n<p>En representaci\u00f3n del presidente municipal, Jos\u00e9 Humberto Salazar Contreras, el secretario de Gobierno Municipal, H\u00e9ctor Hugo Ram\u00edrez Escobedo, se\u00f1al\u00f3 que para la administraci\u00f3n actual, la educaci\u00f3n es uno de los pilares fundamentales que fortalecen el proyecto de desarrollo municipal. Agreg\u00f3 que se deposita plena confianza en la actividad tur\u00edstica como elemento esencial para la recuperaci\u00f3n econ\u00f3mica planteada por la administraci\u00f3n, y en este proceso, los nuevos profesionistas desempe\u00f1an un papel esencial.<\/p>\n<p><a href=\"https:\/\/raicesjerezanas.com\/wp-content\/uploads\/2023\/09\/Imagen-de-WhatsApp-2023-08-26-a-las-17.27.43.jpg\"><img loading=\"lazy\" decoding=\"async\" class=\"alignnone size-large wp-image-22966\" src=\"https:\/\/raicesjerezanas.com\/wp-content\/uploads\/2023\/09\/Imagen-de-WhatsApp-2023-08-26-a-las-17.27.43-1024x678.jpg\" alt=\"\" width=\"640\" height=\"424\" srcset=\"https:\/\/raicesjerezanas.com\/wp-content\/uploads\/2023\/09\/Imagen-de-WhatsApp-2023-08-26-a-las-17.27.43-1024x678.jpg 1024w, https:\/\/raicesjerezanas.com\/wp-content\/uploads\/2023\/09\/Imagen-de-WhatsApp-2023-08-26-a-las-17.27.43-300x199.jpg 300w, https:\/\/raicesjerezanas.com\/wp-content\/uploads\/2023\/09\/Imagen-de-WhatsApp-2023-08-26-a-las-17.27.43-768x509.jpg 768w, https:\/\/raicesjerezanas.com\/wp-content\/uploads\/2023\/09\/Imagen-de-WhatsApp-2023-08-26-a-las-17.27.43-1536x1018.jpg 1536w, https:\/\/raicesjerezanas.com\/wp-content\/uploads\/2023\/09\/Imagen-de-WhatsApp-2023-08-26-a-las-17.27.43.jpg 1600w\" sizes=\"auto, (max-width: 640px) 100vw, 640px\" \/><\/a><\/p>\n<p>El evento tuvo lugar en el Foyer del Teatro Hinojosa y cont\u00f3 adem\u00e1s con la presencia de docentes de la licenciatura, familiares y amigos de los egresados. Al finalizar, se llev\u00f3 a cabo un brindis para celebrar este acontecimiento de gran trascendencia para\u00a0el\u00a0municipio.<\/p>\n","protected":false},"excerpt":{"rendered":"<div class=\"mh-excerpt\"><p>Autoridades universitarias y representantes del gobierno municipal encabezaron la ceremonia de graduaci\u00f3n de ocho nuevos profesionistas egresados de la Licenciatura en Turismo, formados en el <a class=\"mh-excerpt-more\" href=\"https:\/\/raicesjerezanas.com\/?p=22965\" title=\"EGRESAN NUEVOS PROFESIONSITAS DE LA LICENCIATURA EN TURISMO\">&#8230;<\/a><\/p>\n<\/div>","protected":false},"author":1,"featured_media":22967,"comment_status":"closed","ping_status":"closed","sticky":false,"template":"","format":"standard","meta":{"footnotes":""},"categories":[108,102],"tags":[],"class_list":["post-22965","post","type-post","status-publish","format-standard","has-post-thumbnail","hentry","category-exp","category-noticias-de-jerez"],"_links":{"self":[{"href":"https:\/\/raicesjerezanas.com\/index.php?rest_route=\/wp\/v2\/posts\/22965","targetHints":{"allow":["GET"]}}],"collection":[{"href":"https:\/\/raicesjerezanas.com\/index.php?rest_route=\/wp\/v2\/posts"}],"about":[{"href":"https:\/\/raicesjerezanas.com\/index.php?rest_route=\/wp\/v2\/types\/post"}],"author":[{"embeddable":true,"href":"https:\/\/raicesjerezanas.com\/index.php?rest_route=\/wp\/v2\/users\/1"}],"replies":[{"embeddable":true,"href":"https:\/\/raicesjerezanas.com\/index.php?rest_route=%2Fwp%2Fv2%2Fcomments&post=22965"}],"version-history":[{"count":0,"href":"https:\/\/raicesjerezanas.com\/index.php?rest_route=\/wp\/v2\/posts\/22965\/revisions"}],"wp:featuredmedia":[{"embeddable":true,"href":"https:\/\/raicesjerezanas.com\/index.php?rest_route=\/wp\/v2\/media\/22967"}],"wp:attachment":[{"href":"https:\/\/raicesjerezanas.com\/index.php?rest_route=%2Fwp%2Fv2%2Fmedia&parent=22965"}],"wp:term":[{"taxonomy":"category","embeddable":true,"href":"https:\/\/raicesjerezanas.com\/index.php?rest_route=%2Fwp%2Fv2%2Fcategories&post=22965"},{"taxonomy":"post_tag","embeddable":true,"href":"https:\/\/raicesjerezanas.com\/index.php?rest_route=%2Fwp%2Fv2%2Ftags&post=22965"}],"curies":[{"name":"wp","href":"https:\/\/api.w.org\/{rel}","templated":true}]}}