{"id":22971,"date":"2023-08-27T15:46:14","date_gmt":"2023-08-27T21:46:14","guid":{"rendered":"https:\/\/enconecte.com\/?p=22971"},"modified":"2023-08-27T15:46:14","modified_gmt":"2023-08-27T21:46:14","slug":"efectuan-short-track-6ta-fecha-y-final-de-la-copezac-2023-en-el-corazon-de-jerez","status":"publish","type":"post","link":"https:\/\/raicesjerezanas.com\/?p=22971","title":{"rendered":"EFECT\u00daAN SHORT TRACK 6TA FECHA Y FINAL DE LA COPEZAC 2023 EN EL CORAZ\u00d3N DE JEREZ"},"content":{"rendered":"<p>Dando inicio a las actividades en la tarde de este s\u00e1bado frente a la presidencia municipal de Jerez, se llev\u00f3 a cabo la sexta y \u00faltima fecha del Short Track de la COPEZAC 2023. El evento tuvo lugar en las hermosas calles de Jerez, donde 12 competidores de distintas categor\u00edas fueron coronados como campeones estatales. La organizaci\u00f3n estuvo a cargo de la Asociaci\u00f3n de Ciclismo del Estado de Zacatecas en colaboraci\u00f3n con la administraci\u00f3n municipal 2021-2024 y bajo la coordinaci\u00f3n Municipal del Deporte. El evento cont\u00f3 con el aval de la Federaci\u00f3n Mexicana de Ciclismo (FMC) y la Comisi\u00f3n Nacional del Deporte (CONADE).<\/p>\n<p>En la inauguraci\u00f3n del Short Track, Fabi\u00e1n Alaniz Hern\u00e1ndez, presidente de la Asociaci\u00f3n Estatal de Ciclismo, agradeci\u00f3 el apoyo del municipio y los organizadores, resaltando adem\u00e1s que Jerez es uno de los mayores contribuyentes de ciclistas al estado. Luego, el Prof. Armando Qui\u00f1ones Ortiz, coordinador municipal del Deporte, extendi\u00f3 su reconocimiento a los organizadores por promover el ciclismo en Jerez.<\/p>\n<p>Tambi\u00e9n estuvo presente la Lic. Mar\u00eda de los \u00c1ngeles Cabrera, organizadora del evento, y el Lic. Yosafat de la Torre, director de Desarrollo Econ\u00f3mico y Social, quien en nombre del municipio reconoci\u00f3 a Jerez como una comunidad unida por la excelencia, deseando a los competidores una competencia exitosa y segura.<\/p>\n<p>Se premiaron a los tres primeros lugares de cada categor\u00eda y se entregaron los Jerseys de campe\u00f3n de XXC de la COPEZAC 2023 en las siguientes categor\u00edas:<\/p>\n<p>Juveniles A varonil y femenil,<br \/>\nJuveniles B varonil y femenil,<br \/>\nAvanzados libre masculino y femenino,<br \/>\nElite femenil,<br \/>\nSub 23 femenil,<br \/>\nJuvenil C femenil,<br \/>\nElite varonil,<br \/>\nSub 24 varonil,<br \/>\nJuvenil expertos varonil.<\/p>\n<p>La suma total de premios en efectivo otorgados fue\u00a0de\u00a0$14,000.00.<\/p>\n<div id='gallery-1' class='gallery galleryid-22971 gallery-columns-3 gallery-size-thumbnail'><figure class='gallery-item'>\n\t\t\t<div class='gallery-icon landscape'>\n\t\t\t\t<a href='https:\/\/raicesjerezanas.com\/?attachment_id=22973'><img loading=\"lazy\" decoding=\"async\" width=\"150\" height=\"150\" src=\"https:\/\/raicesjerezanas.com\/wp-content\/uploads\/2023\/09\/Imagen-de-WhatsApp-2023-08-27-a-las-12.36.24-150x150.jpg\" class=\"attachment-thumbnail size-thumbnail\" alt=\"\" \/><\/a>\n\t\t\t<\/div><\/figure><figure class='gallery-item'>\n\t\t\t<div class='gallery-icon landscape'>\n\t\t\t\t<a href='https:\/\/raicesjerezanas.com\/?attachment_id=22974'><img loading=\"lazy\" decoding=\"async\" width=\"150\" height=\"150\" src=\"https:\/\/raicesjerezanas.com\/wp-content\/uploads\/2023\/09\/Imagen-de-WhatsApp-2023-08-2d7-a-las-12.36.24-150x150.jpg\" class=\"attachment-thumbnail size-thumbnail\" alt=\"\" \/><\/a>\n\t\t\t<\/div><\/figure><figure class='gallery-item'>\n\t\t\t<div class='gallery-icon landscape'>\n\t\t\t\t<a href='https:\/\/raicesjerezanas.com\/?attachment_id=22975'><img loading=\"lazy\" decoding=\"async\" width=\"150\" height=\"150\" src=\"https:\/\/raicesjerezanas.com\/wp-content\/uploads\/2023\/09\/Imagen-de-WhatsApp-2023-08-27-a-las-12.36.26-150x150.jpg\" class=\"attachment-thumbnail size-thumbnail\" alt=\"\" \/><\/a>\n\t\t\t<\/div><\/figure>\n\t\t<\/div>\n\n","protected":false},"excerpt":{"rendered":"<div class=\"mh-excerpt\"><p>Dando inicio a las actividades en la tarde de este s\u00e1bado frente a la presidencia municipal de Jerez, se llev\u00f3 a cabo la sexta y <a class=\"mh-excerpt-more\" href=\"https:\/\/raicesjerezanas.com\/?p=22971\" title=\"EFECT\u00daAN SHORT TRACK 6TA FECHA Y FINAL DE LA COPEZAC 2023 EN EL CORAZ\u00d3N DE JEREZ\">&#8230;<\/a><\/p>\n<\/div>","protected":false},"author":1,"featured_media":22972,"comment_status":"closed","ping_status":"closed","sticky":false,"template":"","format":"standard","meta":{"footnotes":""},"categories":[108,102],"tags":[],"class_list":["post-22971","post","type-post","status-publish","format-standard","has-post-thumbnail","hentry","category-exp","category-noticias-de-jerez"],"_links":{"self":[{"href":"https:\/\/raicesjerezanas.com\/index.php?rest_route=\/wp\/v2\/posts\/22971","targetHints":{"allow":["GET"]}}],"collection":[{"href":"https:\/\/raicesjerezanas.com\/index.php?rest_route=\/wp\/v2\/posts"}],"about":[{"href":"https:\/\/raicesjerezanas.com\/index.php?rest_route=\/wp\/v2\/types\/post"}],"author":[{"embeddable":true,"href":"https:\/\/raicesjerezanas.com\/index.php?rest_route=\/wp\/v2\/users\/1"}],"replies":[{"embeddable":true,"href":"https:\/\/raicesjerezanas.com\/index.php?rest_route=%2Fwp%2Fv2%2Fcomments&post=22971"}],"version-history":[{"count":0,"href":"https:\/\/raicesjerezanas.com\/index.php?rest_route=\/wp\/v2\/posts\/22971\/revisions"}],"wp:featuredmedia":[{"embeddable":true,"href":"https:\/\/raicesjerezanas.com\/index.php?rest_route=\/wp\/v2\/media\/22972"}],"wp:attachment":[{"href":"https:\/\/raicesjerezanas.com\/index.php?rest_route=%2Fwp%2Fv2%2Fmedia&parent=22971"}],"wp:term":[{"taxonomy":"category","embeddable":true,"href":"https:\/\/raicesjerezanas.com\/index.php?rest_route=%2Fwp%2Fv2%2Fcategories&post=22971"},{"taxonomy":"post_tag","embeddable":true,"href":"https:\/\/raicesjerezanas.com\/index.php?rest_route=%2Fwp%2Fv2%2Ftags&post=22971"}],"curies":[{"name":"wp","href":"https:\/\/api.w.org\/{rel}","templated":true}]}}