{"id":22979,"date":"2023-08-27T15:50:19","date_gmt":"2023-08-27T21:50:19","guid":{"rendered":"https:\/\/enconecte.com\/?p=22979"},"modified":"2023-08-27T15:50:19","modified_gmt":"2023-08-27T21:50:19","slug":"realizan-computo-para-reina-del-inapam-con-exito-en-jerez","status":"publish","type":"post","link":"https:\/\/raicesjerezanas.com\/?p=22979","title":{"rendered":"REALIZAN C\u00d3MPUTO PARA REINA DEL INAPAM CON \u00c9XITO EN JEREZ"},"content":{"rendered":"<p>Dentro del marco de la semana de actividades celebrada para conmemorar el D\u00eda del Abuelo, el Sistema Municipal para el Desarrollo Integral de las Familias en Jerez (SMDIF) lleva a cabo anualmente un certamen para elegir a la reina del INAPAM. En esta ocasi\u00f3n, se presentaron cinco candidatas en la Plaza Principal, cerca del paso peatonal frente al jard\u00edn Rafael P\u00e1ez, para que los habitantes de Jerez pudieran ejercer su voto de manera libre y elegir a la Reina del INAPAM JEREZ 2023, junto con su corte real.<\/p>\n<p>Antes de las elecciones, las cinco distinguidas abuelitas representantes de diferentes Centros Comunitarios se presentaron y explicaron su pertenencia. Posteriormente, la Sra. Bertha Alicia Garc\u00eda Duarte, presidenta honor\u00edfica del SMDIF, les dese\u00f3 suerte y anunci\u00f3 que la coronaci\u00f3n tendr\u00eda lugar al d\u00eda siguiente, el lunes 28 de agosto, en el domo de la alameda \u00abFrancisco Garc\u00eda Salinas\u00bb. El evento comenzar\u00eda a las 10:00 a.m. y concluir\u00eda a las 3:00 p.m.<\/p>\n<p>Una vez finalizado el proceso de votaci\u00f3n y recuento, una hora despu\u00e9s se brindaron los resultados oficiales en presencia de la Lic. Jessica Cuevas, directora del SMDIF; la Lic. Oliva S\u00e1nchez Bonilla, encargada de la jefatura de servicios; la Lic. Marcela Gonz\u00e1lez Valdez, encargada de la jefatura de Salud; y la Lic. Roci\u00f3 Azucena Ibarra, de la jefatura de alimentos.<\/p>\n<p>Despu\u00e9s del conteo, los resultados oficiales quedaron de la siguiente manera: se registraron 13 votos nulos, Rosa Evelia Flores Casas obtuvo 38 votos, Anastasia Escobedo Romero logr\u00f3 48 votos. Las princesas resultaron ser Martha Gamboa Miramontes con 152 votos y Olivia Caldera P\u00e9rez con 165 votos. La ganadora del t\u00edtulo de reina fue Mar\u00eda Rosa Berm\u00fadez Dorado, con un total\u00a0de\u00a0253\u00a0votos.<\/p>\n<p><a href=\"https:\/\/raicesjerezanas.com\/wp-content\/uploads\/2023\/09\/Imagen-de-WhatsApp-2023-08-28-a-las-10.09.58.jpg\"><img loading=\"lazy\" decoding=\"async\" class=\"alignnone size-large wp-image-22981\" src=\"https:\/\/raicesjerezanas.com\/wp-content\/uploads\/2023\/09\/Imagen-de-WhatsApp-2023-08-28-a-las-10.09.58-1024x682.jpg\" alt=\"\" width=\"640\" height=\"426\" srcset=\"https:\/\/raicesjerezanas.com\/wp-content\/uploads\/2023\/09\/Imagen-de-WhatsApp-2023-08-28-a-las-10.09.58-1024x682.jpg 1024w, https:\/\/raicesjerezanas.com\/wp-content\/uploads\/2023\/09\/Imagen-de-WhatsApp-2023-08-28-a-las-10.09.58-300x200.jpg 300w, https:\/\/raicesjerezanas.com\/wp-content\/uploads\/2023\/09\/Imagen-de-WhatsApp-2023-08-28-a-las-10.09.58-768x512.jpg 768w, https:\/\/raicesjerezanas.com\/wp-content\/uploads\/2023\/09\/Imagen-de-WhatsApp-2023-08-28-a-las-10.09.58.jpg 1280w\" sizes=\"auto, (max-width: 640px) 100vw, 640px\" \/><\/a><\/p>\n","protected":false},"excerpt":{"rendered":"<div class=\"mh-excerpt\"><p>Dentro del marco de la semana de actividades celebrada para conmemorar el D\u00eda del Abuelo, el Sistema Municipal para el Desarrollo Integral de las Familias <a class=\"mh-excerpt-more\" href=\"https:\/\/raicesjerezanas.com\/?p=22979\" title=\"REALIZAN C\u00d3MPUTO PARA REINA DEL INAPAM CON \u00c9XITO EN JEREZ\">&#8230;<\/a><\/p>\n<\/div>","protected":false},"author":1,"featured_media":22980,"comment_status":"closed","ping_status":"closed","sticky":false,"template":"","format":"standard","meta":{"footnotes":""},"categories":[108,102],"tags":[],"class_list":["post-22979","post","type-post","status-publish","format-standard","has-post-thumbnail","hentry","category-exp","category-noticias-de-jerez"],"_links":{"self":[{"href":"https:\/\/raicesjerezanas.com\/index.php?rest_route=\/wp\/v2\/posts\/22979","targetHints":{"allow":["GET"]}}],"collection":[{"href":"https:\/\/raicesjerezanas.com\/index.php?rest_route=\/wp\/v2\/posts"}],"about":[{"href":"https:\/\/raicesjerezanas.com\/index.php?rest_route=\/wp\/v2\/types\/post"}],"author":[{"embeddable":true,"href":"https:\/\/raicesjerezanas.com\/index.php?rest_route=\/wp\/v2\/users\/1"}],"replies":[{"embeddable":true,"href":"https:\/\/raicesjerezanas.com\/index.php?rest_route=%2Fwp%2Fv2%2Fcomments&post=22979"}],"version-history":[{"count":0,"href":"https:\/\/raicesjerezanas.com\/index.php?rest_route=\/wp\/v2\/posts\/22979\/revisions"}],"wp:featuredmedia":[{"embeddable":true,"href":"https:\/\/raicesjerezanas.com\/index.php?rest_route=\/wp\/v2\/media\/22980"}],"wp:attachment":[{"href":"https:\/\/raicesjerezanas.com\/index.php?rest_route=%2Fwp%2Fv2%2Fmedia&parent=22979"}],"wp:term":[{"taxonomy":"category","embeddable":true,"href":"https:\/\/raicesjerezanas.com\/index.php?rest_route=%2Fwp%2Fv2%2Fcategories&post=22979"},{"taxonomy":"post_tag","embeddable":true,"href":"https:\/\/raicesjerezanas.com\/index.php?rest_route=%2Fwp%2Fv2%2Ftags&post=22979"}],"curies":[{"name":"wp","href":"https:\/\/api.w.org\/{rel}","templated":true}]}}