{"id":22982,"date":"2023-08-28T15:54:35","date_gmt":"2023-08-28T21:54:35","guid":{"rendered":"https:\/\/enconecte.com\/?p=22982"},"modified":"2023-08-28T15:54:35","modified_gmt":"2023-08-28T21:54:35","slug":"arrancan-ciclo-escolar-2023-2024-en-primaria-maximo-perez-torres-en-colonia-san-isidro-en-jerez","status":"publish","type":"post","link":"https:\/\/raicesjerezanas.com\/?p=22982","title":{"rendered":"ARRANCAN CICLO ESCOLAR 2023-2024 EN PRIMARIA M\u00c1XIMO P\u00c9REZ TORRES EN COLONIA SAN ISIDRO EN JEREZ"},"content":{"rendered":"<p>El pasado lunes 28 de agosto, miles de ni\u00f1os jerezanos dieron inicio a un nuevo ciclo escolar al regresar a las aulas. Con motivo de este emocionante momento, autoridades educativas locales y municipales se congregaron en las instalaciones de la Escuela Primaria M\u00e1ximo P\u00e9rez Torres, ubicada en la colonia San Isidro de Jerez, para inaugurar oficialmente el ciclo escolar 2023-2024.<\/p>\n<p>Los peque\u00f1os estudiantes, llenos de entusiasmo, estuvieron acompa\u00f1ados por sus padres en este significativo evento. Juntos, dieron inicio a los honores a los s\u00edmbolos patrios en un acto solemne. Al t\u00e9rmino de la ceremonia, el Maestro Mart\u00edn Reyna, director de la primaria, extendi\u00f3 una c\u00e1lida bienvenida al ciclo escolar y expres\u00f3 su gratitud por el apoyo brindado por la administraci\u00f3n municipal 2021-2024 y las autoridades educativas. A continuaci\u00f3n, el Maestro Andr\u00e9s Ram\u00edrez, supervisor de la zona escolar 147, ofreci\u00f3 palabras de bienvenida y dese\u00f3 \u00e9xito en el nuevo ciclo.<\/p>\n<p>Desde el \u00e1mbito municipal de Jerez, la Maestra Mar\u00eda Esther Ibarra Guzm\u00e1n, Coordinadora de Educaci\u00f3n, felicit\u00f3 a los ni\u00f1os, padres, maestros y personal administrativo de la instituci\u00f3n por este nuevo comienzo. Adem\u00e1s, reafirm\u00f3 el compromiso del municipio y del Alcalde Dr. Jos\u00e9 Humberto Salazar Contreras con la educaci\u00f3n en Jerez. Para culminar, la Maestra Blanca Lilia, Jefa Regional 08 a nivel federal, motiv\u00f3 a los ni\u00f1os a seguir persiguiendo sus sue\u00f1os, mientras instaba a los padres a brindarles su apoyo. Asimismo, agradeci\u00f3 la colaboraci\u00f3n conjunta entre la escuela y el municipio, y procedi\u00f3 a inaugurar oficialmente el ciclo escolar.<\/p>\n<p>El evento tambi\u00e9n cont\u00f3 con la presencia de la Maestra Mar\u00eda del Pilar Ure\u00f1o Medina y el Maestro Alejandro Almaraz Becerra, representantes de la Regi\u00f3n 08 a nivel estatal, as\u00ed como del Licenciado David Yosafat de la Torre, Director de Desarrollo Econ\u00f3mico y Social. Asistieron tambi\u00e9n la Maestra Silvia Cabral, del Departamento de Educaci\u00f3n, y la Sra. Cristina Cuevas Soriano, Presidenta de la Sociedad de Padres de Familia, quienes compartieron su entusiasmo por este nuevo comienzo escolar y el trabajo conjunto entre la escuela\u00a0y\u00a0la\u00a0comunidad.<\/p>\n<p><a href=\"https:\/\/raicesjerezanas.com\/wp-content\/uploads\/2023\/09\/Imagen-de-WhatsApp-2023-08-28-a-las-13.28.26.jpg\"><img loading=\"lazy\" decoding=\"async\" class=\"alignnone size-large wp-image-22983\" src=\"https:\/\/raicesjerezanas.com\/wp-content\/uploads\/2023\/09\/Imagen-de-WhatsApp-2023-08-28-a-las-13.28.26-1024x682.jpg\" alt=\"\" width=\"640\" height=\"426\" srcset=\"https:\/\/raicesjerezanas.com\/wp-content\/uploads\/2023\/09\/Imagen-de-WhatsApp-2023-08-28-a-las-13.28.26-1024x682.jpg 1024w, https:\/\/raicesjerezanas.com\/wp-content\/uploads\/2023\/09\/Imagen-de-WhatsApp-2023-08-28-a-las-13.28.26-300x200.jpg 300w, https:\/\/raicesjerezanas.com\/wp-content\/uploads\/2023\/09\/Imagen-de-WhatsApp-2023-08-28-a-las-13.28.26-768x512.jpg 768w, https:\/\/raicesjerezanas.com\/wp-content\/uploads\/2023\/09\/Imagen-de-WhatsApp-2023-08-28-a-las-13.28.26.jpg 1280w\" sizes=\"auto, (max-width: 640px) 100vw, 640px\" \/><\/a><\/p>\n","protected":false},"excerpt":{"rendered":"<div class=\"mh-excerpt\"><p>El pasado lunes 28 de agosto, miles de ni\u00f1os jerezanos dieron inicio a un nuevo ciclo escolar al regresar a las aulas. Con motivo de <a class=\"mh-excerpt-more\" href=\"https:\/\/raicesjerezanas.com\/?p=22982\" title=\"ARRANCAN CICLO ESCOLAR 2023-2024 EN PRIMARIA M\u00c1XIMO P\u00c9REZ TORRES EN COLONIA SAN ISIDRO EN JEREZ\">&#8230;<\/a><\/p>\n<\/div>","protected":false},"author":1,"featured_media":22984,"comment_status":"closed","ping_status":"closed","sticky":false,"template":"","format":"standard","meta":{"footnotes":""},"categories":[108,102],"tags":[],"class_list":["post-22982","post","type-post","status-publish","format-standard","has-post-thumbnail","hentry","category-exp","category-noticias-de-jerez"],"_links":{"self":[{"href":"https:\/\/raicesjerezanas.com\/index.php?rest_route=\/wp\/v2\/posts\/22982","targetHints":{"allow":["GET"]}}],"collection":[{"href":"https:\/\/raicesjerezanas.com\/index.php?rest_route=\/wp\/v2\/posts"}],"about":[{"href":"https:\/\/raicesjerezanas.com\/index.php?rest_route=\/wp\/v2\/types\/post"}],"author":[{"embeddable":true,"href":"https:\/\/raicesjerezanas.com\/index.php?rest_route=\/wp\/v2\/users\/1"}],"replies":[{"embeddable":true,"href":"https:\/\/raicesjerezanas.com\/index.php?rest_route=%2Fwp%2Fv2%2Fcomments&post=22982"}],"version-history":[{"count":0,"href":"https:\/\/raicesjerezanas.com\/index.php?rest_route=\/wp\/v2\/posts\/22982\/revisions"}],"wp:featuredmedia":[{"embeddable":true,"href":"https:\/\/raicesjerezanas.com\/index.php?rest_route=\/wp\/v2\/media\/22984"}],"wp:attachment":[{"href":"https:\/\/raicesjerezanas.com\/index.php?rest_route=%2Fwp%2Fv2%2Fmedia&parent=22982"}],"wp:term":[{"taxonomy":"category","embeddable":true,"href":"https:\/\/raicesjerezanas.com\/index.php?rest_route=%2Fwp%2Fv2%2Fcategories&post=22982"},{"taxonomy":"post_tag","embeddable":true,"href":"https:\/\/raicesjerezanas.com\/index.php?rest_route=%2Fwp%2Fv2%2Ftags&post=22982"}],"curies":[{"name":"wp","href":"https:\/\/api.w.org\/{rel}","templated":true}]}}