{"id":22985,"date":"2023-08-29T15:55:39","date_gmt":"2023-08-29T21:55:39","guid":{"rendered":"https:\/\/enconecte.com\/?p=22985"},"modified":"2023-08-29T15:55:39","modified_gmt":"2023-08-29T21:55:39","slug":"alcalde-de-dr-salazar-reconoce-a-jovenes-jerezanos-por-su-destacada-participacion-en-olimpiada-internacional-matematicas-en-singapur","status":"publish","type":"post","link":"https:\/\/raicesjerezanas.com\/?p=22985","title":{"rendered":"ALCALDE DE DR. SALAZAR RECONOCE A J\u00d3VENES JEREZANOS POR SU DESTACADA PARTICIPACI\u00d3N EN OLIMPIADA INTERNACIONAL MATEM\u00c1TICAS EN SINGAPUR"},"content":{"rendered":"<p>Esta ma\u00f1ana en el despacho del presidente municipal de Jerez, tres estudiantes destacados en el campo de las matem\u00e1ticas fueron recibidos. El Dr. Salazar Contreras los recibi\u00f3 personalmente antes de su viaje a Singapur y les brind\u00f3 su apoyo para que puedan representar dignamente a M\u00e9xico, Zacatecas y Jerez en esta competencia internacional, a trav\u00e9s de la coordinaci\u00f3n municipal de Educaci\u00f3n. Adem\u00e1s del respaldo econ\u00f3mico proporcionado por el municipio, se les sigue brindando reconocimiento el d\u00eda de hoy, y se les alienta a que sigan incentivando e inspirando a otros j\u00f3venes jerezanos.<\/p>\n<p>Durante la reuni\u00f3n se entregaron reconocimientos a los estudiantes: Ricardo Cabral S\u00e1nchez, quien ahora es egresado de la secundaria \u00abConstituyentes de 1917\u00bb y obtuvo la medalla de Oro en \u00abMind Spots\u00bb y una Menci\u00f3n honor\u00edfica; y a Tadeo Sebasti\u00e1n Campa Menchaca, quien tambi\u00e9n es egresado de la secundaria \u00abFrancisco Garc\u00eda Salinas\u00bb y recibi\u00f3 una Menci\u00f3n honor\u00edfica. Tambi\u00e9n se reconoci\u00f3 a la joven entrenadora Jimena Sof\u00eda D\u00edaz S\u00e1nchez, estudiante del CETIS 114, quien pr\u00f3ximamente representar\u00e1 a Jerez en Indonesia en los pr\u00f3ximos meses. De igual manera, se otorgaron reconocimientos a los asesores y maestros de los alumnos: el Mtro. Jos\u00e9 Tiscare\u00f1o Berm\u00fadez, el Mtro. Walter Ernesto Vera Medina y la Mtra. Ma. Guadalupe Cabral Rosales, Delegada Estatal de Olimpiadas de Zacatecas.<\/p>\n<p><a href=\"https:\/\/raicesjerezanas.com\/wp-content\/uploads\/2023\/09\/Imagen-de-WhatsApp-2023-08-29-a-las-13.03.53.jpg\"><img loading=\"lazy\" decoding=\"async\" class=\"alignnone size-large wp-image-22986\" src=\"https:\/\/raicesjerezanas.com\/wp-content\/uploads\/2023\/09\/Imagen-de-WhatsApp-2023-08-29-a-las-13.03.53-1024x683.jpg\" alt=\"\" width=\"640\" height=\"427\" srcset=\"https:\/\/raicesjerezanas.com\/wp-content\/uploads\/2023\/09\/Imagen-de-WhatsApp-2023-08-29-a-las-13.03.53-1024x683.jpg 1024w, https:\/\/raicesjerezanas.com\/wp-content\/uploads\/2023\/09\/Imagen-de-WhatsApp-2023-08-29-a-las-13.03.53-300x200.jpg 300w, https:\/\/raicesjerezanas.com\/wp-content\/uploads\/2023\/09\/Imagen-de-WhatsApp-2023-08-29-a-las-13.03.53-768x512.jpg 768w, https:\/\/raicesjerezanas.com\/wp-content\/uploads\/2023\/09\/Imagen-de-WhatsApp-2023-08-29-a-las-13.03.53.jpg 1200w\" sizes=\"auto, (max-width: 640px) 100vw, 640px\" \/><\/a><\/p>\n<p>El Dr. Humberto Salazar, acompa\u00f1ado por la Mtra. Mar\u00eda Esther Ibarra Guzm\u00e1n, coordinadora municipal de Educaci\u00f3n, expres\u00f3 su agradecimiento y felicitaciones a los tres estudiantes, a los maestros que los acompa\u00f1aron y a sus familias. De igual manera, los reconoci\u00f3 como un ejemplo a nivel mundial y un motivo de orgullo\u00a0para\u00a0Jerez.<\/p>\n","protected":false},"excerpt":{"rendered":"<div class=\"mh-excerpt\"><p>Esta ma\u00f1ana en el despacho del presidente municipal de Jerez, tres estudiantes destacados en el campo de las matem\u00e1ticas fueron recibidos. El Dr. Salazar Contreras <a class=\"mh-excerpt-more\" href=\"https:\/\/raicesjerezanas.com\/?p=22985\" title=\"ALCALDE DE DR. SALAZAR RECONOCE A J\u00d3VENES JEREZANOS POR SU DESTACADA PARTICIPACI\u00d3N EN OLIMPIADA INTERNACIONAL MATEM\u00c1TICAS EN SINGAPUR\">&#8230;<\/a><\/p>\n<\/div>","protected":false},"author":1,"featured_media":22987,"comment_status":"closed","ping_status":"closed","sticky":false,"template":"","format":"standard","meta":{"footnotes":""},"categories":[108,102],"tags":[],"class_list":["post-22985","post","type-post","status-publish","format-standard","has-post-thumbnail","hentry","category-exp","category-noticias-de-jerez"],"_links":{"self":[{"href":"https:\/\/raicesjerezanas.com\/index.php?rest_route=\/wp\/v2\/posts\/22985","targetHints":{"allow":["GET"]}}],"collection":[{"href":"https:\/\/raicesjerezanas.com\/index.php?rest_route=\/wp\/v2\/posts"}],"about":[{"href":"https:\/\/raicesjerezanas.com\/index.php?rest_route=\/wp\/v2\/types\/post"}],"author":[{"embeddable":true,"href":"https:\/\/raicesjerezanas.com\/index.php?rest_route=\/wp\/v2\/users\/1"}],"replies":[{"embeddable":true,"href":"https:\/\/raicesjerezanas.com\/index.php?rest_route=%2Fwp%2Fv2%2Fcomments&post=22985"}],"version-history":[{"count":0,"href":"https:\/\/raicesjerezanas.com\/index.php?rest_route=\/wp\/v2\/posts\/22985\/revisions"}],"wp:featuredmedia":[{"embeddable":true,"href":"https:\/\/raicesjerezanas.com\/index.php?rest_route=\/wp\/v2\/media\/22987"}],"wp:attachment":[{"href":"https:\/\/raicesjerezanas.com\/index.php?rest_route=%2Fwp%2Fv2%2Fmedia&parent=22985"}],"wp:term":[{"taxonomy":"category","embeddable":true,"href":"https:\/\/raicesjerezanas.com\/index.php?rest_route=%2Fwp%2Fv2%2Fcategories&post=22985"},{"taxonomy":"post_tag","embeddable":true,"href":"https:\/\/raicesjerezanas.com\/index.php?rest_route=%2Fwp%2Fv2%2Ftags&post=22985"}],"curies":[{"name":"wp","href":"https:\/\/api.w.org\/{rel}","templated":true}]}}