{"id":22988,"date":"2023-08-29T15:56:32","date_gmt":"2023-08-29T21:56:32","guid":{"rendered":"https:\/\/enconecte.com\/?p=22988"},"modified":"2023-08-29T15:56:32","modified_gmt":"2023-08-29T21:56:32","slug":"en-magna-celebracion-coronan-a-maria-rosa-i-como-reina-inapam-2023","status":"publish","type":"post","link":"https:\/\/raicesjerezanas.com\/?p=22988","title":{"rendered":"EN MAGNA CELEBRACI\u00d3N CORONAN A MARIA ROSA I COMO REINA INAPAM 2023"},"content":{"rendered":"<p>En magna celebraci\u00f3n organizada por el DIF Jerez, fue coronada Mar\u00eda Rosa I como reina del Instituto Nacional de las Personas Adultas Mayores (INAPAM) 2023, a quienes en su D\u00eda las autoridades reconocieron el gran papel y contribuci\u00f3n que han hecho a la sociedad.<\/p>\n<p>El alcalde Jos\u00e9 Humberto Salazar Contreras, extern\u00f3 su reconocimiento a las personas de la tercera edad por su ense\u00f1anza necesaria para la formaci\u00f3n de los hijos y futuras generaciones, al tiempo que se\u00f1al\u00f3 que con este evento se elogia la sabidur\u00eda y vitalidad de quienes han recorrido un camino largo y valioso en la vida.<\/p>\n<p>Asegur\u00f3 que m\u00e1s que una ceremonia es un tributo hecho desde la admiraci\u00f3n y expres\u00f3 que \u201cen este d\u00eda celebramos juntos la vida, es un s\u00edmbolo de aprecio y respeto hacia ustedes, adem\u00e1s de un recordatorio de que en cada etapa tenemos mucho que aportar y aprender; vivir es un regalo precioso a toda edad\u201d.<\/p>\n<p>Agreg\u00f3 que la Semana del Adulto Mayor ha sido oportunidad para valorar la importancia de los abuelos, y en la clausura de la misma con la Coronaci\u00f3n de Mar\u00eda Rosa I se honra a una reina que no s\u00f3lo refleja la belleza y elegancia exterior sino tambi\u00e9n la interior con su carisma, fortaleza e identidad jerezana.<\/p>\n<p>La presidenta del DIF, Bertha Alicia Garc\u00eda Duarte, refrend\u00f3 que los adultos mayores son un modelo de sabidur\u00eda y experiencia, ya que son quienes han educado a las generaciones y pueden orientar a los ni\u00f1os y j\u00f3venes para ser mejores personas.<\/p>\n<p>En compa\u00f1\u00eda de la directora del Sistema Jessica Cuevas Cuevas, felicit\u00f3 a la corte real y agradeci\u00f3 a las participantes del certamen, expresando que todas son ganadoras y reinas por el entusiasmo y dedicaci\u00f3n que han demostrado en los Clubes de la Tercera Edad, en los eventos organizados por el DIF y sobre todo en sus familias.<\/p>\n<p><a href=\"https:\/\/raicesjerezanas.com\/wp-content\/uploads\/2023\/09\/Imagen-de-WhatsApp-2023-08-29-a-las-17.17.22.jpg\"><img loading=\"lazy\" decoding=\"async\" class=\"alignnone size-large wp-image-22989\" src=\"https:\/\/raicesjerezanas.com\/wp-content\/uploads\/2023\/09\/Imagen-de-WhatsApp-2023-08-29-a-las-17.17.22-1024x682.jpg\" alt=\"\" width=\"640\" height=\"426\" srcset=\"https:\/\/raicesjerezanas.com\/wp-content\/uploads\/2023\/09\/Imagen-de-WhatsApp-2023-08-29-a-las-17.17.22-1024x682.jpg 1024w, https:\/\/raicesjerezanas.com\/wp-content\/uploads\/2023\/09\/Imagen-de-WhatsApp-2023-08-29-a-las-17.17.22-300x200.jpg 300w, https:\/\/raicesjerezanas.com\/wp-content\/uploads\/2023\/09\/Imagen-de-WhatsApp-2023-08-29-a-las-17.17.22-768x512.jpg 768w, https:\/\/raicesjerezanas.com\/wp-content\/uploads\/2023\/09\/Imagen-de-WhatsApp-2023-08-29-a-las-17.17.22-1536x1023.jpg 1536w, https:\/\/raicesjerezanas.com\/wp-content\/uploads\/2023\/09\/Imagen-de-WhatsApp-2023-08-29-a-las-17.17.22.jpg 1600w\" sizes=\"auto, (max-width: 640px) 100vw, 640px\" \/><\/a><\/p>\n<p>Acompa\u00f1ada de sus princesas Martha y Olivia, la nueva soberana que luci\u00f3 gran porte y distinci\u00f3n, fue coronada por el mandatario y su esposa, para posteriormente disfrutar junto con todos los asistentes de la tradicional comida y baile de coronaci\u00f3n, en el que prevaleci\u00f3 un ambiente de alegr\u00eda y gozo.<\/p>\n<p>El evento cont\u00f3 tambi\u00e9n con la presencia de la representante del INAPAM y titular de la Jefatura de Servicios del DIF, Luz Olivia S\u00e1nchez Bonilla, adem\u00e1s de las embajadoras de la belleza jerezana como Mar\u00eda de Jes\u00fas de la Torre, reina INAPAM 2020, Mar\u00eda de Jes\u00fas Robles, reina de la casa de los jubilados ISSSTEZAC 2022, y Melisa Saldivar, Miss Petite Universal\u00a0M\u00e9xico\u00a02023.<\/p>\n","protected":false},"excerpt":{"rendered":"<div class=\"mh-excerpt\"><p>En magna celebraci\u00f3n organizada por el DIF Jerez, fue coronada Mar\u00eda Rosa I como reina del Instituto Nacional de las Personas Adultas Mayores (INAPAM) 2023, <a class=\"mh-excerpt-more\" href=\"https:\/\/raicesjerezanas.com\/?p=22988\" title=\"EN MAGNA CELEBRACI\u00d3N CORONAN A MARIA ROSA I COMO REINA INAPAM 2023\">&#8230;<\/a><\/p>\n<\/div>","protected":false},"author":1,"featured_media":22990,"comment_status":"closed","ping_status":"closed","sticky":false,"template":"","format":"standard","meta":{"footnotes":""},"categories":[108,102],"tags":[],"class_list":["post-22988","post","type-post","status-publish","format-standard","has-post-thumbnail","hentry","category-exp","category-noticias-de-jerez"],"_links":{"self":[{"href":"https:\/\/raicesjerezanas.com\/index.php?rest_route=\/wp\/v2\/posts\/22988","targetHints":{"allow":["GET"]}}],"collection":[{"href":"https:\/\/raicesjerezanas.com\/index.php?rest_route=\/wp\/v2\/posts"}],"about":[{"href":"https:\/\/raicesjerezanas.com\/index.php?rest_route=\/wp\/v2\/types\/post"}],"author":[{"embeddable":true,"href":"https:\/\/raicesjerezanas.com\/index.php?rest_route=\/wp\/v2\/users\/1"}],"replies":[{"embeddable":true,"href":"https:\/\/raicesjerezanas.com\/index.php?rest_route=%2Fwp%2Fv2%2Fcomments&post=22988"}],"version-history":[{"count":0,"href":"https:\/\/raicesjerezanas.com\/index.php?rest_route=\/wp\/v2\/posts\/22988\/revisions"}],"wp:featuredmedia":[{"embeddable":true,"href":"https:\/\/raicesjerezanas.com\/index.php?rest_route=\/wp\/v2\/media\/22990"}],"wp:attachment":[{"href":"https:\/\/raicesjerezanas.com\/index.php?rest_route=%2Fwp%2Fv2%2Fmedia&parent=22988"}],"wp:term":[{"taxonomy":"category","embeddable":true,"href":"https:\/\/raicesjerezanas.com\/index.php?rest_route=%2Fwp%2Fv2%2Fcategories&post=22988"},{"taxonomy":"post_tag","embeddable":true,"href":"https:\/\/raicesjerezanas.com\/index.php?rest_route=%2Fwp%2Fv2%2Ftags&post=22988"}],"curies":[{"name":"wp","href":"https:\/\/api.w.org\/{rel}","templated":true}]}}