{"id":2299,"date":"2019-10-17T14:01:14","date_gmt":"2019-10-17T19:01:14","guid":{"rendered":"https:\/\/raicesjerezanas.com\/?p=2299"},"modified":"2019-10-17T14:01:14","modified_gmt":"2019-10-17T19:01:14","slug":"realizan-en-jerez-primer-conversatorio-sobre-cancer-de-mama","status":"publish","type":"post","link":"https:\/\/raicesjerezanas.com\/?p=2299","title":{"rendered":"REALIZAN EN JEREZ PRIMER CONVERSATORIO SOBRE C\u00c1NCER DE MAMA"},"content":{"rendered":"<p>Se realiz\u00f3 el primer conversatorio sobre C\u00e1ncer en la Mujer, actividad que organiz\u00f3 el DIF Municipal con el objetivo de enriquecer la informaci\u00f3n y despejar dudas en la comunidad.<\/p>\n<p>Previo a la conmemoraci\u00f3n del D\u00eda Mundial de Lucha contra el C\u00e1ncer de Mama el pr\u00f3ximo 19 de octubre, el conversatorio brind\u00f3 a las asistentes un panorama m\u00e1s completo sobre el origen, tratamiento y consecuencias de dicha enfermedad que en M\u00e9xico, es una de las principales causas de mortalidad en las mujeres.<\/p>\n<p>Las doctoras Carla y Martha Caldera, la nutri\u00f3loga Paulina Gurrola y las psic\u00f3logas Adriana de la Torre y Wendy Guerrero, retroalimentaron el evento realizado en el teatro Hinojosa con valiosa informaci\u00f3n como la edad de mayor incidencia del padecimiento, factores de riesgo, mitos y verdades de los grupos de apoyo, la prevenci\u00f3n del c\u00e1ncer con buena alimentaci\u00f3n, entre otros.<\/p>\n<p>Nayeli \u00c1lvarez Haro, Presidenta Honor\u00edfica del DIF Municipal, acompa\u00f1ada por la Directora Susana Arg\u00fcelles y la Jefa de Salud Araceli Salas, reconoci\u00f3 a las expositoras as\u00ed como a las participantes, en especial a la Asociaci\u00f3n Civil Mujeronas, con quienes trabajan de la mano para fortalecer la cultura de la prevenci\u00f3n.<\/p>\n","protected":false},"excerpt":{"rendered":"<div class=\"mh-excerpt\"><p>Se realiz\u00f3 el primer conversatorio sobre C\u00e1ncer en la Mujer, actividad que organiz\u00f3 el DIF Municipal con el objetivo de enriquecer la informaci\u00f3n y despejar <a class=\"mh-excerpt-more\" href=\"https:\/\/raicesjerezanas.com\/?p=2299\" title=\"REALIZAN EN JEREZ PRIMER CONVERSATORIO SOBRE C\u00c1NCER DE MAMA\">&#8230;<\/a><\/p>\n<\/div>","protected":false},"author":1,"featured_media":2300,"comment_status":"closed","ping_status":"closed","sticky":false,"template":"","format":"standard","meta":{"footnotes":""},"categories":[],"tags":[],"class_list":["post-2299","post","type-post","status-publish","format-standard","has-post-thumbnail","hentry"],"_links":{"self":[{"href":"https:\/\/raicesjerezanas.com\/index.php?rest_route=\/wp\/v2\/posts\/2299","targetHints":{"allow":["GET"]}}],"collection":[{"href":"https:\/\/raicesjerezanas.com\/index.php?rest_route=\/wp\/v2\/posts"}],"about":[{"href":"https:\/\/raicesjerezanas.com\/index.php?rest_route=\/wp\/v2\/types\/post"}],"author":[{"embeddable":true,"href":"https:\/\/raicesjerezanas.com\/index.php?rest_route=\/wp\/v2\/users\/1"}],"replies":[{"embeddable":true,"href":"https:\/\/raicesjerezanas.com\/index.php?rest_route=%2Fwp%2Fv2%2Fcomments&post=2299"}],"version-history":[{"count":0,"href":"https:\/\/raicesjerezanas.com\/index.php?rest_route=\/wp\/v2\/posts\/2299\/revisions"}],"wp:featuredmedia":[{"embeddable":true,"href":"https:\/\/raicesjerezanas.com\/index.php?rest_route=\/wp\/v2\/media\/2300"}],"wp:attachment":[{"href":"https:\/\/raicesjerezanas.com\/index.php?rest_route=%2Fwp%2Fv2%2Fmedia&parent=2299"}],"wp:term":[{"taxonomy":"category","embeddable":true,"href":"https:\/\/raicesjerezanas.com\/index.php?rest_route=%2Fwp%2Fv2%2Fcategories&post=2299"},{"taxonomy":"post_tag","embeddable":true,"href":"https:\/\/raicesjerezanas.com\/index.php?rest_route=%2Fwp%2Fv2%2Ftags&post=2299"}],"curies":[{"name":"wp","href":"https:\/\/api.w.org\/{rel}","templated":true}]}}