{"id":22991,"date":"2023-08-30T15:57:33","date_gmt":"2023-08-30T21:57:33","guid":{"rendered":"https:\/\/enconecte.com\/?p=22991"},"modified":"2023-08-30T15:57:33","modified_gmt":"2023-08-30T21:57:33","slug":"con-gran-recital-de-rondallas-se-festeja-el-decimo-aniversario-de-voces-de-angel","status":"publish","type":"post","link":"https:\/\/raicesjerezanas.com\/?p=22991","title":{"rendered":"CON GRAN RECITAL DE RONDALLAS SE FESTEJA EL D\u00c9CIMO ANIVERSARIO DE VOCES DE \u00c1NGEL"},"content":{"rendered":"<p>La rondalla femenil Voz de \u00c1ngel celebr\u00f3 su d\u00e9cimo aniversario, con un recital en el que compartieron el escenario del Teatro Hinojosa, con las rondallas locales, Nostalgia Jerezana y Voces de la Provincia, en un evento organizado en coordinaci\u00f3n con el Instituto Jerezano de Cultura (IJC).<\/p>\n<p>Correspondido abrir el programa a la agrupaci\u00f3n compuesta principalmente por personal jubilado del ISSSTEZAC, prioritariamente docentes; un gran grupo de personas que se han caracterizado por el entusiasmo y el esfuerzo de sus integrantes, en la preparaci\u00f3n de sus melod\u00edas y que actualmente cuenta con el apoyo en la direcci\u00f3n y requintos de V\u00edctor Manuel Col\u00f3n Luj\u00e1n.<\/p>\n<p>Posteriormente hizo su arribo Nostalgia Jerezana, ahora bajo la direcci\u00f3n de Alexis Ibarra, quienes igualmente dieron una peque\u00f1a muestra de su gran repertorio, con una selecci\u00f3n de melod\u00edas rom\u00e1nticas y otros arreglos para voces y guitarra, que los ha llevado a participar en eventos de car\u00e1cter nacional.<\/p>\n<p><a href=\"https:\/\/raicesjerezanas.com\/wp-content\/uploads\/2023\/09\/Imagen-de-WhatsApp-2023-08-30-a-las-10.21.12.jpg\"><img loading=\"lazy\" decoding=\"async\" class=\"alignnone size-large wp-image-22993\" src=\"https:\/\/raicesjerezanas.com\/wp-content\/uploads\/2023\/09\/Imagen-de-WhatsApp-2023-08-30-a-las-10.21.12-1024x768.jpg\" alt=\"\" width=\"640\" height=\"480\" srcset=\"https:\/\/raicesjerezanas.com\/wp-content\/uploads\/2023\/09\/Imagen-de-WhatsApp-2023-08-30-a-las-10.21.12-1024x768.jpg 1024w, https:\/\/raicesjerezanas.com\/wp-content\/uploads\/2023\/09\/Imagen-de-WhatsApp-2023-08-30-a-las-10.21.12-300x225.jpg 300w, https:\/\/raicesjerezanas.com\/wp-content\/uploads\/2023\/09\/Imagen-de-WhatsApp-2023-08-30-a-las-10.21.12-768x576.jpg 768w, https:\/\/raicesjerezanas.com\/wp-content\/uploads\/2023\/09\/Imagen-de-WhatsApp-2023-08-30-a-las-10.21.12-678x509.jpg 678w, https:\/\/raicesjerezanas.com\/wp-content\/uploads\/2023\/09\/Imagen-de-WhatsApp-2023-08-30-a-las-10.21.12-326x245.jpg 326w, https:\/\/raicesjerezanas.com\/wp-content\/uploads\/2023\/09\/Imagen-de-WhatsApp-2023-08-30-a-las-10.21.12-80x60.jpg 80w, https:\/\/raicesjerezanas.com\/wp-content\/uploads\/2023\/09\/Imagen-de-WhatsApp-2023-08-30-a-las-10.21.12.jpg 1280w\" sizes=\"auto, (max-width: 640px) 100vw, 640px\" \/><\/a><\/p>\n<p>Y finalmente, se dio paso a la rondalla homenajeada, misma que hace justamente una d\u00e9cada, inici\u00f3 sus actividades musicales y que a lo largo de su historia ha tenido directores como Jos\u00e9 \u00c1ngel Valdez, Ignacio Esquivel Rivera, Ricardo Mu\u00f1oz, Isolina de Lara, Aredi Mart\u00ednez y actualmente V\u00edctor Manuel Col\u00f3n Luj\u00e1n, quienes han apoyado el trabajo de las mujeres artistas, que representan dignamente a Jerez.<\/p>\n<p>El director del IJC, V\u00edctor Hugo Hu\u00edzar Iturriaga, en nombre del alcalde Jos\u00e9 Humberto Salazar Contreras, felicit\u00f3 a las integrantes de Voces de \u00c1ngel y entreg\u00f3 reconocimientos a las agrupaciones invitadas de esta gran velada musical, que result\u00f3 del agrado total del p\u00fablico\u00a0asistente.<\/p>\n","protected":false},"excerpt":{"rendered":"<div class=\"mh-excerpt\"><p>La rondalla femenil Voz de \u00c1ngel celebr\u00f3 su d\u00e9cimo aniversario, con un recital en el que compartieron el escenario del Teatro Hinojosa, con las rondallas <a class=\"mh-excerpt-more\" href=\"https:\/\/raicesjerezanas.com\/?p=22991\" title=\"CON GRAN RECITAL DE RONDALLAS SE FESTEJA EL D\u00c9CIMO ANIVERSARIO DE VOCES DE \u00c1NGEL\">&#8230;<\/a><\/p>\n<\/div>","protected":false},"author":1,"featured_media":22992,"comment_status":"closed","ping_status":"closed","sticky":false,"template":"","format":"standard","meta":{"footnotes":""},"categories":[108,102],"tags":[],"class_list":["post-22991","post","type-post","status-publish","format-standard","has-post-thumbnail","hentry","category-exp","category-noticias-de-jerez"],"_links":{"self":[{"href":"https:\/\/raicesjerezanas.com\/index.php?rest_route=\/wp\/v2\/posts\/22991","targetHints":{"allow":["GET"]}}],"collection":[{"href":"https:\/\/raicesjerezanas.com\/index.php?rest_route=\/wp\/v2\/posts"}],"about":[{"href":"https:\/\/raicesjerezanas.com\/index.php?rest_route=\/wp\/v2\/types\/post"}],"author":[{"embeddable":true,"href":"https:\/\/raicesjerezanas.com\/index.php?rest_route=\/wp\/v2\/users\/1"}],"replies":[{"embeddable":true,"href":"https:\/\/raicesjerezanas.com\/index.php?rest_route=%2Fwp%2Fv2%2Fcomments&post=22991"}],"version-history":[{"count":0,"href":"https:\/\/raicesjerezanas.com\/index.php?rest_route=\/wp\/v2\/posts\/22991\/revisions"}],"wp:featuredmedia":[{"embeddable":true,"href":"https:\/\/raicesjerezanas.com\/index.php?rest_route=\/wp\/v2\/media\/22992"}],"wp:attachment":[{"href":"https:\/\/raicesjerezanas.com\/index.php?rest_route=%2Fwp%2Fv2%2Fmedia&parent=22991"}],"wp:term":[{"taxonomy":"category","embeddable":true,"href":"https:\/\/raicesjerezanas.com\/index.php?rest_route=%2Fwp%2Fv2%2Fcategories&post=22991"},{"taxonomy":"post_tag","embeddable":true,"href":"https:\/\/raicesjerezanas.com\/index.php?rest_route=%2Fwp%2Fv2%2Ftags&post=22991"}],"curies":[{"name":"wp","href":"https:\/\/api.w.org\/{rel}","templated":true}]}}