{"id":22994,"date":"2023-08-30T15:58:30","date_gmt":"2023-08-30T21:58:30","guid":{"rendered":"https:\/\/enconecte.com\/?p=22994"},"modified":"2023-08-30T15:58:30","modified_gmt":"2023-08-30T21:58:30","slug":"dignifican-el-parque-del-rio-dentro-del-programa-rescate-de-espacios-publicos","status":"publish","type":"post","link":"https:\/\/raicesjerezanas.com\/?p=22994","title":{"rendered":"DIGNIFICAN EL PARQUE DEL R\u00cdO, DENTRO DEL PROGRAMA RESCATE DE ESPACIOS P\u00daBLICOS"},"content":{"rendered":"<ul>\n<li>El abandono de muchos a\u00f1os qued\u00f3 atr\u00e1s con las acciones de mejoramiento emprendidas<\/li>\n<\/ul>\n<p>Dentro del programa de Rescate de Espacios P\u00fablicos, el gobierno municipal, a trav\u00e9s de la Direcci\u00f3n de Obras y Servicios P\u00fablicos, llev\u00f3 a cabo diversas acciones en el Parque del R\u00edo, ubicado en la parte oriental del primer cuadro de la ciudad, en la intersecci\u00f3n de las calles Libertad y Callej\u00f3n Allende, junto al R\u00edo Grande.<\/p>\n<p>Durante el inicio de las labores, el alcalde Jos\u00e9 Humberto Salazar Contreras reiter\u00f3 su compromiso, junto a un grupo de vecinos, de revitalizar espacios que hab\u00edan estado abandonados durante muchos a\u00f1os, como es el caso de esta \u00e1rea verde. El objetivo es proporcionar a las familias, especialmente a los ni\u00f1os y ni\u00f1as, un lugar saludable para el esparcimiento.<\/p>\n<p>En el evento, en el cual estuvieron presentes los directores de Desarrollo Econ\u00f3mico y Social, David Josafat de la Torre Pinedo, del SIMAPAJ, Marco Antonio Valenzuela Esquivel, y de Obras P\u00fablicas, Alfredo Mar\u00edn Luna, as\u00ed como el subdirector Gustavo Barajas Garay y el responsable de Servicios P\u00fablicos, Jaime Mart\u00ednez Sald\u00edvar, el presidente municipal se\u00f1al\u00f3 que, en colaboraci\u00f3n con los vecinos, se mantendr\u00e1 el constante mantenimiento y alent\u00f3 a los beneficiarios a informar sobre cualquier detalle que requiera atenci\u00f3n.<\/p>\n<p>Alfredo Mar\u00edn Luna inform\u00f3 que las labores de rescate del Parque del R\u00edo incluyeron la poda y eliminaci\u00f3n de una gran cantidad de maleza, reparaci\u00f3n del alumbrado p\u00fablico, mantenimiento de la cancha con pintura y limpieza, as\u00ed como la instalaci\u00f3n de porter\u00edas y una red de voleibol. Tambi\u00e9n se llev\u00f3 a cabo la limpieza de las calles y el mantenimiento de las bancas, que se encontraban en malas condiciones. Adem\u00e1s, adelant\u00f3 que el pr\u00f3ximo a\u00f1o se implementar\u00e1 un programa para adquirir mobiliario urbano de mayor durabilidad y menos vulnerable al vandalismo.<\/p>\n<p><a href=\"https:\/\/raicesjerezanas.com\/wp-content\/uploads\/2023\/09\/Imagen-de-WhatsApp-2023-08-30-a-las-17.20.48.jpg\"><img loading=\"lazy\" decoding=\"async\" class=\"alignnone size-large wp-image-22995\" src=\"https:\/\/raicesjerezanas.com\/wp-content\/uploads\/2023\/09\/Imagen-de-WhatsApp-2023-08-30-a-las-17.20.48-1024x681.jpg\" alt=\"\" width=\"640\" height=\"426\" srcset=\"https:\/\/raicesjerezanas.com\/wp-content\/uploads\/2023\/09\/Imagen-de-WhatsApp-2023-08-30-a-las-17.20.48-1024x681.jpg 1024w, https:\/\/raicesjerezanas.com\/wp-content\/uploads\/2023\/09\/Imagen-de-WhatsApp-2023-08-30-a-las-17.20.48-300x200.jpg 300w, https:\/\/raicesjerezanas.com\/wp-content\/uploads\/2023\/09\/Imagen-de-WhatsApp-2023-08-30-a-las-17.20.48-768x511.jpg 768w, https:\/\/raicesjerezanas.com\/wp-content\/uploads\/2023\/09\/Imagen-de-WhatsApp-2023-08-30-a-las-17.20.48-1536x1021.jpg 1536w, https:\/\/raicesjerezanas.com\/wp-content\/uploads\/2023\/09\/Imagen-de-WhatsApp-2023-08-30-a-las-17.20.48.jpg 1600w\" sizes=\"auto, (max-width: 640px) 100vw, 640px\" \/><\/a><\/p>\n<p>En representaci\u00f3n de los vecinos, Juan Garc\u00eda Torres expres\u00f3 su agradecimiento al alcalde Salazar por atender la solicitud realizada d\u00edas atr\u00e1s para revitalizar esta importante \u00e1rea, que durante mucho tiempo careci\u00f3 de iluminaci\u00f3n y requer\u00eda una atenci\u00f3n integral, como la que se est\u00e1 llevando\u00a0a\u00a0cabo.<\/p>\n","protected":false},"excerpt":{"rendered":"<div class=\"mh-excerpt\"><p>El abandono de muchos a\u00f1os qued\u00f3 atr\u00e1s con las acciones de mejoramiento emprendidas Dentro del programa de Rescate de Espacios P\u00fablicos, el gobierno municipal, a <a class=\"mh-excerpt-more\" href=\"https:\/\/raicesjerezanas.com\/?p=22994\" title=\"DIGNIFICAN EL PARQUE DEL R\u00cdO, DENTRO DEL PROGRAMA RESCATE DE ESPACIOS P\u00daBLICOS\">&#8230;<\/a><\/p>\n<\/div>","protected":false},"author":1,"featured_media":22996,"comment_status":"closed","ping_status":"closed","sticky":false,"template":"","format":"standard","meta":{"footnotes":""},"categories":[108,102],"tags":[],"class_list":["post-22994","post","type-post","status-publish","format-standard","has-post-thumbnail","hentry","category-exp","category-noticias-de-jerez"],"_links":{"self":[{"href":"https:\/\/raicesjerezanas.com\/index.php?rest_route=\/wp\/v2\/posts\/22994","targetHints":{"allow":["GET"]}}],"collection":[{"href":"https:\/\/raicesjerezanas.com\/index.php?rest_route=\/wp\/v2\/posts"}],"about":[{"href":"https:\/\/raicesjerezanas.com\/index.php?rest_route=\/wp\/v2\/types\/post"}],"author":[{"embeddable":true,"href":"https:\/\/raicesjerezanas.com\/index.php?rest_route=\/wp\/v2\/users\/1"}],"replies":[{"embeddable":true,"href":"https:\/\/raicesjerezanas.com\/index.php?rest_route=%2Fwp%2Fv2%2Fcomments&post=22994"}],"version-history":[{"count":0,"href":"https:\/\/raicesjerezanas.com\/index.php?rest_route=\/wp\/v2\/posts\/22994\/revisions"}],"wp:featuredmedia":[{"embeddable":true,"href":"https:\/\/raicesjerezanas.com\/index.php?rest_route=\/wp\/v2\/media\/22996"}],"wp:attachment":[{"href":"https:\/\/raicesjerezanas.com\/index.php?rest_route=%2Fwp%2Fv2%2Fmedia&parent=22994"}],"wp:term":[{"taxonomy":"category","embeddable":true,"href":"https:\/\/raicesjerezanas.com\/index.php?rest_route=%2Fwp%2Fv2%2Fcategories&post=22994"},{"taxonomy":"post_tag","embeddable":true,"href":"https:\/\/raicesjerezanas.com\/index.php?rest_route=%2Fwp%2Fv2%2Ftags&post=22994"}],"curies":[{"name":"wp","href":"https:\/\/api.w.org\/{rel}","templated":true}]}}