{"id":22999,"date":"2023-08-31T15:59:58","date_gmt":"2023-08-31T21:59:58","guid":{"rendered":"https:\/\/enconecte.com\/?p=22999"},"modified":"2023-08-31T15:59:58","modified_gmt":"2023-08-31T21:59:58","slug":"instituto-jerezano-de-la-juventud-invita-a-escuelas-a-la-campana-prevencion-del-suicidio","status":"publish","type":"post","link":"https:\/\/raicesjerezanas.com\/?p=22999","title":{"rendered":"INSTITUTO JEREZANO DE LA JUVENTUD INVITA A ESCUELAS A LA CAMPA\u00d1A PREVENCI\u00d3N DEL SUICIDIO"},"content":{"rendered":"<p>Una de las \u00e1reas prioritarias del gobierno municipal para el per\u00edodo 2021-2024 es la juventud. Por esta raz\u00f3n, el Instituto Jerezano de la Juventud (INJJUVE) est\u00e1 convocando a escuelas de nivel secundaria, preparatoria y profesional a participar en la campa\u00f1a que se llevar\u00e1 a cabo el pr\u00f3ximo mes de septiembre, desde el 11 hasta el 28 de septiembre. La campa\u00f1a tiene como objetivo concienciar sobre la \u00abPrevenci\u00f3n del suicidio\u00bb, un tema sensible y relevante que se abordar\u00e1 en colaboraci\u00f3n con la Direcci\u00f3n de Seguridad P\u00fablica a trav\u00e9s de la Coordinaci\u00f3n de Prevenci\u00f3n del Delito.<\/p>\n<p>En una entrevista con la Ingeniera Laura Marlinet Carillo D\u00edaz, titular del INJJUVE, se destaca que estas charlas buscan principalmente prevenir este problema real que a menudo no recibe la atenci\u00f3n necesaria ni se identifica a tiempo, a pesar de ser prevenible. Por esta raz\u00f3n, surgi\u00f3 la iniciativa de enfocarse en los j\u00f3venes y contar con la ayuda de profesionales.<\/p>\n<p>En cuanto a los detalles de la convocatoria, la titular del Instituto enfatiz\u00f3 que todas las instituciones educativas pueden solicitar participar y que el acceso a las instalaciones del INJJUVE y a las actividades es completamente gratuito. Adem\u00e1s, a\u00f1adi\u00f3 que gracias a la colaboraci\u00f3n y el respaldo del personal de Prevenci\u00f3n del Delito, la campa\u00f1a se ha podido desarrollar con la participaci\u00f3n de expertos\u00a0en\u00a0el\u00a0tema.<\/p>\n","protected":false},"excerpt":{"rendered":"<div class=\"mh-excerpt\"><p>Una de las \u00e1reas prioritarias del gobierno municipal para el per\u00edodo 2021-2024 es la juventud. Por esta raz\u00f3n, el Instituto Jerezano de la Juventud (INJJUVE) <a class=\"mh-excerpt-more\" href=\"https:\/\/raicesjerezanas.com\/?p=22999\" title=\"INSTITUTO JEREZANO DE LA JUVENTUD INVITA A ESCUELAS A LA CAMPA\u00d1A PREVENCI\u00d3N DEL SUICIDIO\">&#8230;<\/a><\/p>\n<\/div>","protected":false},"author":1,"featured_media":23000,"comment_status":"closed","ping_status":"closed","sticky":false,"template":"","format":"standard","meta":{"footnotes":""},"categories":[108,102],"tags":[],"class_list":["post-22999","post","type-post","status-publish","format-standard","has-post-thumbnail","hentry","category-exp","category-noticias-de-jerez"],"_links":{"self":[{"href":"https:\/\/raicesjerezanas.com\/index.php?rest_route=\/wp\/v2\/posts\/22999","targetHints":{"allow":["GET"]}}],"collection":[{"href":"https:\/\/raicesjerezanas.com\/index.php?rest_route=\/wp\/v2\/posts"}],"about":[{"href":"https:\/\/raicesjerezanas.com\/index.php?rest_route=\/wp\/v2\/types\/post"}],"author":[{"embeddable":true,"href":"https:\/\/raicesjerezanas.com\/index.php?rest_route=\/wp\/v2\/users\/1"}],"replies":[{"embeddable":true,"href":"https:\/\/raicesjerezanas.com\/index.php?rest_route=%2Fwp%2Fv2%2Fcomments&post=22999"}],"version-history":[{"count":0,"href":"https:\/\/raicesjerezanas.com\/index.php?rest_route=\/wp\/v2\/posts\/22999\/revisions"}],"wp:featuredmedia":[{"embeddable":true,"href":"https:\/\/raicesjerezanas.com\/index.php?rest_route=\/wp\/v2\/media\/23000"}],"wp:attachment":[{"href":"https:\/\/raicesjerezanas.com\/index.php?rest_route=%2Fwp%2Fv2%2Fmedia&parent=22999"}],"wp:term":[{"taxonomy":"category","embeddable":true,"href":"https:\/\/raicesjerezanas.com\/index.php?rest_route=%2Fwp%2Fv2%2Fcategories&post=22999"},{"taxonomy":"post_tag","embeddable":true,"href":"https:\/\/raicesjerezanas.com\/index.php?rest_route=%2Fwp%2Fv2%2Ftags&post=22999"}],"curies":[{"name":"wp","href":"https:\/\/api.w.org\/{rel}","templated":true}]}}