{"id":23001,"date":"2023-09-01T16:01:55","date_gmt":"2023-09-01T22:01:55","guid":{"rendered":"https:\/\/enconecte.com\/?p=23001"},"modified":"2023-09-01T16:01:55","modified_gmt":"2023-09-01T22:01:55","slug":"interrupcion-programada-de-servicio-de-energia-electrica-en-el-municipio-de-jerez","status":"publish","type":"post","link":"https:\/\/raicesjerezanas.com\/?p=23001","title":{"rendered":"INTERRUPCI\u00d3N PROGRAMADA DE SERVICIO DE ENERG\u00cdA EL\u00c9CTRICA EN EL MUNICIPIO DE JEREZ"},"content":{"rendered":"<p>La Comisi\u00f3n Federal de Electricidad (CFE) informa a la comunidad de Jerez y sus alrededores sobre una interrupci\u00f3n programada en el servicio de energ\u00eda el\u00e9ctrica que se llevar\u00e1 a cabo el pr\u00f3ximo 02 de septiembre de 2023. Esta interrupci\u00f3n se realizar\u00e1 en un horario de 9:00 a 15:00 horas y afectar\u00e1 a diversas comunidades y colonias en el municipio de Jerez.<\/p>\n<p>Las \u00e1reas que se ver\u00e1n afectadas por esta interrupci\u00f3n programada del servicio de energ\u00eda el\u00e9ctrica son las siguientes:<\/p>\n<p>Interrupci\u00f3n del Servicio:<\/p>\n<p>\u2022 Baj\u00edo De Clara<br \/>\n\u2022 Ci\u00e9nega<br \/>\n\u2022 Cieneguitas De Fdez<br \/>\n\u2022 Col Brise\u00f1o<br \/>\n\u2022 Col CTM<br \/>\n\u2022 Col Candelario Huizar<br \/>\n\u2022 Col Del Valle<br \/>\n\u2022 Col Guadalupe<br \/>\n\u2022 Col Hidr\u00e1ulica<br \/>\n\u2022 Col Jardines De La Victoria<br \/>\n\u2022 Col Jerez<br \/>\n\u2022 Col Justo Sierra<br \/>\n\u2022 Col Las Palmas<br \/>\n\u2022 Col Magisterial<br \/>\n\u2022 Col Magisterial 2<br \/>\n\u2022 Col Magisterial 3<br \/>\n\u2022 Col Miguel Hidalgo<br \/>\n\u2022 Col Ni\u00f1os H\u00e9roes<br \/>\n\u2022 Col Organizaci\u00f3n Campesina<br \/>\n\u2022 Col Popular<br \/>\n\u2022 Col San Isidro<br \/>\n\u2022 Col Valle Del Norte<br \/>\n\u2022 Col Vicente Guerrero<br \/>\n\u2022 Ejido El Molino<br \/>\n\u2022 El Cargadero<br \/>\n\u2022 El Centro<br \/>\n\u2022 El Chilaquil<br \/>\n\u2022 El Colorado<br \/>\n\u2022 El Durazno<br \/>\n\u2022 El Poleo<br \/>\n\u2022 El Porvenir<br \/>\n\u2022 El Refugio De Santa Rosa<br \/>\n\u2022 El Saucito<br \/>\n\u2022 El Tesorero<br \/>\n\u2022 Ermita De Los Correa<br \/>\n\u2022 Fraccionamiento Deportivo<br \/>\n\u2022 Fraccionamiento Don Durito<br \/>\n\u2022 Fraccionamiento El Durazno<br \/>\n\u2022 Fraccionamiento Guadalupe<br \/>\n\u2022 Fraccionamiento Jardines De Jerez<br \/>\n\u2022 Fraccionamiento La Noria<br \/>\n\u2022 Las Am\u00e9ricas<br \/>\n\u2022 Fraccionamiento Las Quintas<br \/>\n\u2022 Fraccionamiento Los Cardos<br \/>\n\u2022 Fraccionamiento Olimpia<br \/>\n\u2022 Fraccionamiento Popular Del Norte<br \/>\n\u2022 Fraccionamiento Villas San Isidro<br \/>\n\u2022 Fraccionamiento Azteca<br \/>\n\u2022 Fraccionamiento Bosques<br \/>\n\u2022 Fraccionamiento Camino Real<br \/>\n\u2022 Fraccionamiento Caxcan<br \/>\n\u2022 Fraccionamiento Cervantes Corona<br \/>\n\u2022 Fraccionamiento Deportivo 2<br \/>\n\u2022 Fraccionamiento El Duraznillo<br \/>\n\u2022 Fraccionamiento El Molino<br \/>\n\u2022 Fraccionamiento El Pedregal<br \/>\n\u2022 Fraccionamiento El Vergel<br \/>\n\u2022 Fraccionamiento El Vivero<br \/>\n\u2022 Fraccionamiento Fovissste<br \/>\n\u2022 Fraccionamiento Guadalajara<br \/>\n\u2022 Fraccionamiento Huertas De San Jose<br \/>\n\u2022 Fraccionamiento Jardines Ram\u00f3n L\u00f3pez Velarde<br \/>\n\u2022 Fraccionamiento La Cruz<br \/>\n\u2022 Fraccionamiento Real Del Valle<br \/>\n\u2022 Fraccionamiento Santa Cruz<br \/>\n\u2022 Fraccionamiento Villafontana<br \/>\n\u2022 Guadalupe Victoria<br \/>\n\u2022 Infonavit El Cortijo<br \/>\n\u2022 Jacales<br \/>\n\u2022 Jomulco<br \/>\n\u2022 Jomulquillo<br \/>\n\u2022 Jose Luis M<br \/>\n\u2022 Juana Gonz\u00e1lez<br \/>\n\u2022 Las Cruces<br \/>\n\u2022 Lo De Nava<br \/>\n\u2022 Los Arquitos<br \/>\n\u2022 Los Cuevas<br \/>\n\u2022 Los Felix<br \/>\n\u2022 Los Haro<br \/>\n\u2022 Los Juarez<br \/>\n\u2022 Los Morales<br \/>\n\u2022 Los Mota<br \/>\n\u2022 Los Nogales<br \/>\n\u2022 Los Ortiz<br \/>\n\u2022 Los Rodarte<br \/>\n\u2022 Monte de Los Garc\u00eda<br \/>\n\u2022 Noria De Santa Rosa<br \/>\n\u2022 Ord\u00f3\u00f1ez<br \/>\n\u2022 Palmas Altas<br \/>\n\u2022 Parral de Las Huertas<br \/>\n\u2022 Plan De Carrillo<br \/>\n\u2022 Popular Del Sol<br \/>\n\u2022 Rio Florido<br \/>\n\u2022 San Antonio De Ordo\u00f1ez<br \/>\n\u2022 San Isidro<br \/>\n\u2022 San Nicolas<br \/>\n\u2022 Santa Rosa<br \/>\n\u2022 Sarabia<br \/>\n\u2022 Sauz De Los Garc\u00eda<br \/>\n\u2022 Villahermosa<br \/>\n\u2022 Virginia<\/p>\n<p>Adicionalmente, se informa que las siguientes comunidades y colonias experimentar\u00e1n bajo voltaje durante el mismo per\u00edodo:<\/p>\n<p>Bajo Voltaje:<\/p>\n<p>\u2022 Col CNOP<br \/>\n\u2022 Col Constituyentes 1917<br \/>\n\u2022 Col Lagunita<br \/>\n\u2022 Col Las Granjas<br \/>\n\u2022 Col Los \u00c1lamos<br \/>\n\u2022 El Huejote<br \/>\n\u2022 El Molino De Abajo<br \/>\n\u2022 El Ni\u00f1o Jes\u00fas<br \/>\n\u2022 El Tambor<br \/>\n\u2022 Ermita De Guadalupe<br \/>\n\u2022 Fraccionamiento Las Delicias<br \/>\n\u2022 Fraccionamiento Los Sauces<br \/>\n\u2022 Fraccionamiento Jard\u00edn Del \u00c1lamo<br \/>\n\u2022 Fraccionamiento Las Brisas<br \/>\n\u2022 Fraccionamiento Los Pinos<br \/>\n\u2022 La Gavia<br \/>\n\u2022 La Labor<br \/>\n\u2022 Lo De Salas<br \/>\n\u2022 Los Aparicio<br \/>\n\u2022 Los R\u00edos<br \/>\n\u2022 San Rafael<br \/>\n\u2022 Santa Fe<br \/>\n\u2022 San Antonio de Los F\u00e9lix<\/p>\n<p>Esta interrupci\u00f3n programada es necesaria para llevar a cabo trabajos de mantenimiento en la Subestaci\u00f3n Jerez, con el objetivo de prevenir cualquier incidente o percance en la zona afectada y garantizar un servicio el\u00e9ctrico seguro y eficiente a nuestros usuarios.<\/p>\n<p>La CFE recomienda a los residentes de estas \u00e1reas tomar las debidas precauciones para minimizar cualquier inconveniente que esta interrupci\u00f3n pueda causar. Adem\u00e1s, se informa que si los trabajos de mantenimiento se completan antes de la hora programada, se restablecer\u00e1 el servicio el\u00e9ctrico sin previo aviso.<\/p>\n<p>La CFE agradece su comprensi\u00f3n y colaboraci\u00f3n en esta tarea importante para mantener un servicio el\u00e9ctrico confiable\u00a0en\u00a0la\u00a0regi\u00f3n.<\/p>\n","protected":false},"excerpt":{"rendered":"<div class=\"mh-excerpt\"><p>La Comisi\u00f3n Federal de Electricidad (CFE) informa a la comunidad de Jerez y sus alrededores sobre una interrupci\u00f3n programada en el servicio de energ\u00eda el\u00e9ctrica <a class=\"mh-excerpt-more\" href=\"https:\/\/raicesjerezanas.com\/?p=23001\" title=\"INTERRUPCI\u00d3N PROGRAMADA DE SERVICIO DE ENERG\u00cdA EL\u00c9CTRICA EN EL MUNICIPIO DE JEREZ\">&#8230;<\/a><\/p>\n<\/div>","protected":false},"author":1,"featured_media":23002,"comment_status":"closed","ping_status":"closed","sticky":false,"template":"","format":"standard","meta":{"footnotes":""},"categories":[108,102],"tags":[],"class_list":["post-23001","post","type-post","status-publish","format-standard","has-post-thumbnail","hentry","category-exp","category-noticias-de-jerez"],"_links":{"self":[{"href":"https:\/\/raicesjerezanas.com\/index.php?rest_route=\/wp\/v2\/posts\/23001","targetHints":{"allow":["GET"]}}],"collection":[{"href":"https:\/\/raicesjerezanas.com\/index.php?rest_route=\/wp\/v2\/posts"}],"about":[{"href":"https:\/\/raicesjerezanas.com\/index.php?rest_route=\/wp\/v2\/types\/post"}],"author":[{"embeddable":true,"href":"https:\/\/raicesjerezanas.com\/index.php?rest_route=\/wp\/v2\/users\/1"}],"replies":[{"embeddable":true,"href":"https:\/\/raicesjerezanas.com\/index.php?rest_route=%2Fwp%2Fv2%2Fcomments&post=23001"}],"version-history":[{"count":0,"href":"https:\/\/raicesjerezanas.com\/index.php?rest_route=\/wp\/v2\/posts\/23001\/revisions"}],"wp:featuredmedia":[{"embeddable":true,"href":"https:\/\/raicesjerezanas.com\/index.php?rest_route=\/wp\/v2\/media\/23002"}],"wp:attachment":[{"href":"https:\/\/raicesjerezanas.com\/index.php?rest_route=%2Fwp%2Fv2%2Fmedia&parent=23001"}],"wp:term":[{"taxonomy":"category","embeddable":true,"href":"https:\/\/raicesjerezanas.com\/index.php?rest_route=%2Fwp%2Fv2%2Fcategories&post=23001"},{"taxonomy":"post_tag","embeddable":true,"href":"https:\/\/raicesjerezanas.com\/index.php?rest_route=%2Fwp%2Fv2%2Ftags&post=23001"}],"curies":[{"name":"wp","href":"https:\/\/api.w.org\/{rel}","templated":true}]}}