{"id":23009,"date":"2023-09-02T14:44:31","date_gmt":"2023-09-02T20:44:31","guid":{"rendered":"https:\/\/enconecte.com\/?p=23009"},"modified":"2023-09-02T14:44:31","modified_gmt":"2023-09-02T20:44:31","slug":"se-efectuo-en-jerez-el-gorilazo-2023","status":"publish","type":"post","link":"https:\/\/raicesjerezanas.com\/?p=23009","title":{"rendered":"SE EFECTU\u00d3 EN JEREZ EL GORILAZO 2023"},"content":{"rendered":"<p>Las autoridades municipales dieron inicio al Gorilazo 2023, un evento con el que el club Gorilas Off Road de Jerez celebr\u00f3 su octavo aniversario. Este evento consisti\u00f3 en un recorrido a trav\u00e9s de brechas y caminos rurales en diversas comunidades del municipio y Susticac\u00e1n.<\/p>\n<p>En representaci\u00f3n del alcalde Jos\u00e9 Humberto Salazar Contreras, encabezaron el evento el director de Desarrollo Econ\u00f3mico y Social, David Josafat de la Torre Pinedo, as\u00ed como el director de Obras y Servicios P\u00fablicos, Alfredo Mar\u00edn Luna, y el director de turismo municipal, Francisco Serrano Miranda. Estuvieron acompa\u00f1ados por el presidente del club organizador, \u00c1ngel Br\u00edgido Gonz\u00e1lez Montoya, y el comit\u00e9 organizador.<\/p>\n<p>El Gorilazo 2023 comenz\u00f3 frente a la Presidencia Municipal, con la participaci\u00f3n de 80 unidades todo terreno, principalmente cuatrimotos, razers y jeeps, que recorrieron en caravana las comunidades de Tetillas, El Magueyito, La Gavia, El Ni\u00f1o Jes\u00fas, Santa Fe, Ermita de Guadalupe, Lo de Salas, la cabecera municipal de Susticac\u00e1n, El Huejote y regresaron a la ciudad.<\/p>\n<p><a href=\"https:\/\/raicesjerezanas.com\/wp-content\/uploads\/2023\/09\/Imagen-de-WhatsApp-2023-09-02-a-las-17.16.06.jpg\"><img loading=\"lazy\" decoding=\"async\" class=\"alignnone wp-image-23010 size-full\" src=\"https:\/\/raicesjerezanas.com\/wp-content\/uploads\/2023\/09\/Imagen-de-WhatsApp-2023-09-02-a-las-17.16.06.jpg\" alt=\"\" width=\"1600\" height=\"1060\" srcset=\"https:\/\/raicesjerezanas.com\/wp-content\/uploads\/2023\/09\/Imagen-de-WhatsApp-2023-09-02-a-las-17.16.06.jpg 1600w, https:\/\/raicesjerezanas.com\/wp-content\/uploads\/2023\/09\/Imagen-de-WhatsApp-2023-09-02-a-las-17.16.06-300x199.jpg 300w, https:\/\/raicesjerezanas.com\/wp-content\/uploads\/2023\/09\/Imagen-de-WhatsApp-2023-09-02-a-las-17.16.06-1024x678.jpg 1024w, https:\/\/raicesjerezanas.com\/wp-content\/uploads\/2023\/09\/Imagen-de-WhatsApp-2023-09-02-a-las-17.16.06-768x509.jpg 768w, https:\/\/raicesjerezanas.com\/wp-content\/uploads\/2023\/09\/Imagen-de-WhatsApp-2023-09-02-a-las-17.16.06-1536x1018.jpg 1536w\" sizes=\"auto, (max-width: 1600px) 100vw, 1600px\" \/><\/a><\/p>\n<p>Este fue un evento familiar que promovi\u00f3 los valores de la convivencia y el cuidado de la naturaleza, en el que participaron alrededor de 150 personas, provenientes de Aguascalientes, San Luis Potos\u00ed y diversas partes del estado de Zacatecas, adem\u00e1s de los miembros del club anfitri\u00f3n. Todos los participantes portaban su respectivo brazalete, incluyendo ni\u00f1os, ni\u00f1as, j\u00f3venes y matrimonios, quienes disfrutaron del paseo y tuvieron la oportunidad de apreciar los diversos paisajes naturales de nuestro pueblo m\u00e1gico y Susticac\u00e1n.<\/p>\n<p>Al finalizar el recorrido, el gobierno municipal, a trav\u00e9s de la Direcci\u00f3n de Turismo, ofreci\u00f3 una degustaci\u00f3n de la t\u00edpica tostada jerezana y m\u00fasica de tambora, para dar continuidad a la celebraci\u00f3n del\u00a0Gorilazo\u00a02023.<\/p>\n","protected":false},"excerpt":{"rendered":"<div class=\"mh-excerpt\"><p>Las autoridades municipales dieron inicio al Gorilazo 2023, un evento con el que el club Gorilas Off Road de Jerez celebr\u00f3 su octavo aniversario. Este <a class=\"mh-excerpt-more\" href=\"https:\/\/raicesjerezanas.com\/?p=23009\" title=\"SE EFECTU\u00d3 EN JEREZ EL GORILAZO 2023\">&#8230;<\/a><\/p>\n<\/div>","protected":false},"author":1,"featured_media":23011,"comment_status":"closed","ping_status":"closed","sticky":false,"template":"","format":"standard","meta":{"footnotes":""},"categories":[108,102],"tags":[],"class_list":["post-23009","post","type-post","status-publish","format-standard","has-post-thumbnail","hentry","category-exp","category-noticias-de-jerez"],"_links":{"self":[{"href":"https:\/\/raicesjerezanas.com\/index.php?rest_route=\/wp\/v2\/posts\/23009","targetHints":{"allow":["GET"]}}],"collection":[{"href":"https:\/\/raicesjerezanas.com\/index.php?rest_route=\/wp\/v2\/posts"}],"about":[{"href":"https:\/\/raicesjerezanas.com\/index.php?rest_route=\/wp\/v2\/types\/post"}],"author":[{"embeddable":true,"href":"https:\/\/raicesjerezanas.com\/index.php?rest_route=\/wp\/v2\/users\/1"}],"replies":[{"embeddable":true,"href":"https:\/\/raicesjerezanas.com\/index.php?rest_route=%2Fwp%2Fv2%2Fcomments&post=23009"}],"version-history":[{"count":0,"href":"https:\/\/raicesjerezanas.com\/index.php?rest_route=\/wp\/v2\/posts\/23009\/revisions"}],"wp:featuredmedia":[{"embeddable":true,"href":"https:\/\/raicesjerezanas.com\/index.php?rest_route=\/wp\/v2\/media\/23011"}],"wp:attachment":[{"href":"https:\/\/raicesjerezanas.com\/index.php?rest_route=%2Fwp%2Fv2%2Fmedia&parent=23009"}],"wp:term":[{"taxonomy":"category","embeddable":true,"href":"https:\/\/raicesjerezanas.com\/index.php?rest_route=%2Fwp%2Fv2%2Fcategories&post=23009"},{"taxonomy":"post_tag","embeddable":true,"href":"https:\/\/raicesjerezanas.com\/index.php?rest_route=%2Fwp%2Fv2%2Ftags&post=23009"}],"curies":[{"name":"wp","href":"https:\/\/api.w.org\/{rel}","templated":true}]}}